{"id":5079,"date":"2022-10-06T10:01:45","date_gmt":"2022-10-06T08:01:45","guid":{"rendered":"https:\/\/www.weroad.it\/blog\/?p=5079"},"modified":"2026-02-03T15:05:36","modified_gmt":"2026-02-03T14:05:36","slug":"dove-andare-in-autunno","status":"publish","type":"post","link":"https:\/\/www.weroad.it\/blog\/dove-andare-in-autunno","title":{"rendered":"Dove andare in autunno 2025: 8 idee per le vacanze"},"content":{"rendered":"\n<p>Benvenuto <strong>autunno<\/strong>! Finalmente possiamo salutare il caldo infernale di quest\u2019estate e goderci un po&#8217; di <strong>fresco<\/strong>. Dove andare in autunno se non tra le pieghe del divano, al caldo sotto un&#8217;imbarazzante <strong>coperta con le maniche<\/strong>, in attesa dell\u2019arrivo del<strong> Natale<\/strong>?<\/p>\n\n\n\n<p><strong>Alzati subito<\/strong> e non lasciarti prendere dalla pigrizia! Siamo qui per darti qualche idea per le tue vacanze.<\/p>\n\n\n\n<p>Questa \u00e8 la <strong>stagione perfetta per viaggiare<\/strong>. Il turismo di massa di agosto \u00e8 ormai un debole ricordo e i<strong> posti da vedere in autunno<\/strong> sono tantissimi. Potresti rimanere in <strong>Italia <\/strong>e goderti un weekend in <strong>val d\u2019Orcia<\/strong>, ad esempio, per passeggiare tra il meraviglioso<strong> foliage autunnale<\/strong>, oppure volare in <strong>Islanda<\/strong>, a vedere l\u2019<strong>aurora boreale<\/strong>. Ma non pensare che le mete autunnali siano solo al freddo: le <strong>Canarie <\/strong>e la <strong>Thailandia <\/strong>aspettano solo te, fedelissimo delle maniche corte. <\/p>\n\n\n\n<p><strong>Viaggiare in autunno<\/strong> ti d\u00e0 la possibilit\u00e0 di pensare <strong>fuori dagli schemi<\/strong> e scegliere delle mete dove, durante l\u2019estate, dovresti fare la fila anche per fare una foto in un punto panoramico. Pensa quanto sia bella ad esempio la <strong>Sicilia in autunno<\/strong>: spiagge quasi deserte e temperature ideali per scorrazzare tra i templi e le vie storiche. Per me l\u2019idea di poter passeggiare e sedermi ad un tavolo di un ristorante, senza prenotare, \u00e8 lusso allo stato puro! <\/p>\n\n\n\n<p>Insomma che tu voglia andare in <strong>Messico <\/strong>per il <em><strong>dia de los muertos<\/strong><\/em>, o visitare una <strong>capitale europea<\/strong>, per qualche minuto ti concedo di rimanere sul divano con la coperta, ma solo per leggere i nostri consigli e decidere <strong>dove andare in autunno<\/strong>. Si parte!<\/p>\n\n\n\n<h2 class=\"wp-block-heading\" id=\"h-un-viaggio-in-messico-per-il-dia-de-los-muertos\"><strong>Un viaggio in Messico per il Dia de Los Muertos<\/strong><\/h2>\n\n\n\n<p>Siamo chiari, parlare di morti quando si pensa a viaggiare, pu\u00f2 sembrare una cosa piuttosto strana e creepy. E invece no, proprio il contrario. In Messico <strong>questo tab\u00f9 non esiste<\/strong>, anzi: qui il giorno dei morti si festeggia, in altre parole, <strong>si fa \u201cla baldoria\u201d<\/strong>. Dove c\u2019\u00e8 una festa, noi ci siamo e quindi quale meta perfetta per il nostro<strong> viaggio in autunno<\/strong> se non il Mexico?? <\/p>\n\n\n\n<p>Il famosissimo Dia de Los Muertos, \u00e8 una festa che si celebra in <strong>Messico <\/strong>tra il <strong>28 ottobre e il 2 novembre<\/strong>, proprio in onore dei defunti. Questa festivit\u00e0 nasce da <strong>tradizioni antichissime<\/strong> precolombiane e si intreccia con le credenze cristiane. Se noi in Italia pensiamo al giorno dei morti come un momento di ricordo e dolore per la perdita dei nostri cari, in Messico \u00e8 esattamente il contrario. <\/p>\n\n\n\n<p>Qui infatti si crede che durante questa festa le <strong>anime <\/strong>dei defunti abbiano modo di <strong>tornare tra i vivi<\/strong>, per <strong>festeggiare <\/strong>assieme a loro! Ecco che allora ci si prepara al loro ritorno in modo gioioso: ogni tomba viene infatti decorata con i <strong>petali <\/strong>dei <em>cempas\u00fachil<\/em>, i <strong>fiori arancioni<\/strong> tipici di questa stagione. Si creano dei veri e propri percorsi in modo tale che l\u2019anima arrivi alla propria casa, dove trover\u00e0 ad accoglierla, un <strong>altare<\/strong> allestito in suo onore con foto, fiori e gli immancabili manicaretti come i<em> calaveras<\/em>, dei piccoli <strong>teschi di zucchero.<\/strong> <\/p>\n\n\n\n<p>Ma non pensare che la festa sia solo nelle case. Ogni strada \u00e8 decorata con <strong>teschi coloratissimi, ossa e scheletri giganti<\/strong>. Ad ogni ora del giorno e della notte troverai dei <em><strong>mariachi<\/strong><\/em> intenti a suonare musiche stupende, per attirare le anime e festeggiare con loro. \u00c8 inutile dire che per questo motivo in <strong>autunno <\/strong>il Messico raggiunga il<strong> massimo del suo lustro <\/strong>e attiri turisti da tutto il mondo. Se non sai dove andare in autunno quindi, direi che questa potrebbe essere un\u2019idea fantastica!<\/p>\n\n\n\n<p><strong><a href=\"https:\/\/www.weroad.it\/viaggi\/messico-dia-de-los-muertos-weroadx\/\">Vieni in Messico a celebrare il Dia de Los Muertos con WeRoad!<\/a><\/strong><\/p>\n\n\n\n<figure class=\"wp-block-image size-large\"><img decoding=\"async\" src=\"https:\/\/images.unsplash.com\/photo-1505693626181-b858934dce6a?ixlib=rb-1.2.1&amp;ixid=MnwxMjA3fDB8MHxwaG90by1wYWdlfHx8fGVufDB8fHx8&amp;auto=format&amp;fit=crop&amp;w=1472&amp;q=80\" alt=\"Bambole tipiche per il Dia de los muertos, Messico\"\/><figcaption class=\"wp-element-caption\">Le decorazioni per il Dia de los muertos, in Messico<\/figcaption><\/figure>\n\n\n\n<h2 class=\"wp-block-heading\" id=\"h-vola-in-islanda-per-vedere-l-aurora-boreale\"><strong>Vola in Islanda per vedere l\u2019aurora boreale<\/strong><\/h2>\n\n\n\n<p>Partiamo dal presupposto che io non amo il freddo (e lo so di non essere la sola). Quello che segue \u00e8 quindi un <strong>consiglio <\/strong>per tutti gli amici e i conoscenti di <strong>noi freddolosi<\/strong>: per farci spostare dal caminetto o dal termosifone, dovete darci una forte motivazione. Un esempio? L\u2019<strong>aurora boreale<\/strong>! <\/p>\n\n\n\n<p>Devo ammettere infatti, che per vedere questo fenomeno meraviglioso, potrei affrontare il freddo pure io (ovviamente pagando una seconda valigia, solo per portarmi tutti i maglioni dell\u2019armadio). Sono poche le persone che possono dire di aver visto l\u2019aurora boreale e quindi, la <strong>sfida di riuscirci<\/strong> \u00e8 sicuramente uno stimolo in pi\u00f9 per<strong> viaggiare in autunno<\/strong>. <\/p>\n\n\n\n<p>Ma perch\u00e9 andare in Islanda proprio in questa stagione? <strong>L\u2019autunno<\/strong> \u00e8 il periodo migliore per vedere l\u2019aurora boreale! Pi\u00f9 precisamente il <strong>momento pi\u00f9 fortunato<\/strong> \u00e8 quello che corrisponde al solstizio d\u2019autunno e quello di primavera, ma in generale il periodo stimato \u00e8 quello<strong> tra settembre e marzo<\/strong>. Per questo motivo l\u2019Islanda si guadagna un posto in prima classe nella lista delle mete autunnali pi\u00f9 belle. <\/p>\n\n\n\n<p>Queste stupende e magiche <strong>scie luminose<\/strong> che variano <strong>dal rosa al verde,<\/strong> creando uno degli scenari della natura pi\u00f9 <strong>suggestivo<\/strong>, sono visibili tra le 18 e le prime ore della notte, in posti isolati, lontani dall\u2019inquinamento luminoso. <strong>Quest\u2019anno <\/strong>si stima che il fenomeno dell\u2019aurora boreale sia visibile nei dintorni di <strong>Reykjavik<\/strong>, la capitale islandese, oltre che in Svezia, Finlandia e in generale in tutti i paesi della Scandinavia del nord. <\/p>\n\n\n\n<p>Non possiamo assicurarti che <strong>sarai tra i pochi<\/strong> che vedranno l\u2019aurora boreale, perch\u00e9 comunque ci vuole una buona <strong>dose di fortuna<\/strong>, bisogna precisarlo. Ma in ogni caso un <strong>viaggio in Islanda<\/strong> rimane comunque una delle esperienze che non dimenticherai mai!<\/p>\n\n\n\n<p>Hai deciso di andare in Islanda questo autunno? Allora <a style=\"font-weight: bold;\" href=\"https:\/\/www.weroad.it\/viaggi\/viaggio-in-islanda-aurora-boreale\">parti a caccia dell&#8217;aurora boreale con noi!<\/a><\/p>\n\n\n\n<figure class=\"wp-block-image size-large\"><img decoding=\"async\" src=\"https:\/\/images.unsplash.com\/photo-1568607689150-17e625c1586e?ixlib=rb-1.2.1&amp;ixid=MnwxMjA3fDB8MHxwaG90by1wYWdlfHx8fGVufDB8fHx8&amp;auto=format&amp;fit=crop&amp;w=870&amp;q=80\" alt=\"Le luci verdi dell'aurora boreale in Islanda\"\/><figcaption class=\"wp-element-caption\">L&#8217;aurora boreale<\/figcaption><\/figure>\n\n\n\n<h2 class=\"wp-block-heading\" id=\"h-dove-andare-in-autunno-a-parigi\">Dove andare in autunno? A Parigi!<\/h2>\n\n\n\n<p>L\u2019<strong>estate<\/strong> non \u00e8 la stagione ideale per visitare le grandi capitali europee: <strong>troppo caldo<\/strong>, <strong>troppi turisti<\/strong> e, diciamocelo, ci vuole energia per macinare chilometri tra musei e monumenti. Approfitta quindi delle <strong>temperature pi\u00f9 miti <\/strong>e considera, ad esempio, di<strong> visitare Parigi<\/strong>! <\/p>\n\n\n\n<p>La capitale francese ha uno <strong>charme <\/strong>unico e, nonostante mantenga il suo fascino indiscusso tutto l\u2019anno, in <strong>autunno diventa ancora pi\u00f9 attraente<\/strong>. Parigi in autunno, anzi gi\u00e0 all\u2019inizio di settembre, comincia mettersi a lucido per l\u2019avvento di una delle settimane pi\u00f9 importanti dell\u2019anno: la <strong>Fashion week<\/strong>. Che tu sia appassionato di moda come Serena van der Woodsen o semplicemente ti sia ritrovato a Parigi come l\u2019impacciato Dan Humphrey, questa citt\u00e0 ti sapr\u00e0 stupire. <strong>Tutto \u00e8 in fermento<\/strong> per gli eventi legati alla Fashion Week e ogni angolo di strada trasuda <strong>eleganza da tutti i pori<\/strong>. <\/p>\n\n\n\n<p>Parigi per\u00f2 non \u00e8 tra le <strong>mete autunnali europee pi\u00f9 belle<\/strong> solo per la moda. Questa citt\u00e0 infatti in autunno diventa un vero e proprio <strong>quadro impressionista<\/strong>; vedrai che in pochi istanti capirai il motivo per cui moltissimi artisti siano nati e cresciuti qui. In questo periodo infatti, i<strong> colori dell\u2019autunno<\/strong> rendono magica Parigi e i suoi <strong>bellissimi parchi<\/strong>: una passeggiata tra gli alberi del J<strong>ardin des Tuileries<\/strong> o tra le siepi del<strong> Buttes Chaumont<\/strong> ti rimarr\u00e0 impressa nella mente (proprio come uno dei dipinti che vedrai nei vari musei parigini). <\/p>\n\n\n\n<p><strong>Arte, arte e ancora arte<\/strong>. Da settembre a dicembre a Parigi si svolge il famoso <strong>Festival d\u2019Autunno<\/strong>, un insieme di pi\u00f9 di una cinquantina di <strong>manifestazioni<\/strong>: spettacoli di <strong>danza, teatro, proiezioni cinematografiche e concerti musicali<\/strong>. I vari eventi si svolgono in molte aree della citt\u00e0 e attirano ogni anno molti parigini e turisti, che riempiono le strade, prima dell\u2019arrivo del freddo invernale. <\/p>\n\n\n\n<p>Cosa aspetti a partire? <a href=\"https:\/\/www.weroad.it\/viaggi\/parigi-express-tour-eiffel-versailles-weroadx\/\">E magari vieni con noi<\/a>.<\/p>\n\n\n\n<figure class=\"wp-block-image size-large\"><img decoding=\"async\" src=\"https:\/\/cdn.pixabay.com\/photo\/2016\/10\/25\/12\/19\/paris-1768706_960_720.jpg\" alt=\"L'autunno a Parigi\"\/><figcaption class=\"wp-element-caption\">L&#8217;autunno a Parigi<\/figcaption><\/figure>\n\n\n\n<h2 class=\"wp-block-heading\" id=\"h-una-vacanza-autunnale-alle-canarie\"><strong>Una vacanza autunnale alle Canarie<\/strong><\/h2>\n\n\n\n<p>Quest\u2019estate hai dovuto lavorare? Sei stato l\u2019unico tra i tuoi amici a stare in citt\u00e0, deprimendoti guardando le stories di tutti gli altri che erano al mare? Ok, \u00e8 arrivato il tuo<strong> momento per pareggiare i conti<\/strong>! Che ne dici di <strong>riempire i tuoi amici di foto delle Canarie<\/strong>, mentre in Italia piove e c\u2019\u00e8 la nebbia? Mi sembra una vendetta perfetta. <\/p>\n\n\n\n<p>Ebbene s\u00ec, le vacanze al<strong> mare in Europa in autunno<\/strong> sono possibili, basta saper dove andare. Naturalmente le Canarie vengono prese d\u2019assalto soprattutto durante d\u2019estate, ma in realt\u00e0 la stagione in cui possono esprimere tutto il loro potenziale \u00e8 proprio l\u2019autunno. In questo periodo infatti, le <strong>temperature <\/strong>rimangono <strong>miti <\/strong>come in estate, attorno ai <strong>26 gradi<\/strong> e il mare rimane costante sui 24. Parliamoci chiaro: <strong>l&#8217;Oceano Atlantico<\/strong> nemmeno in estate \u00e8 caldissimo. Per\u00f2 direi che fare il bagno nel brodino, come in Italia in alcuni momenti dell\u2019anno, non \u00e8 poi il massimo, concordi? <\/p>\n\n\n\n<p>In compenso per\u00f2 in autunno le bellissime <strong>spiagge <\/strong>delle Canarie <strong>sono libere e diventano quasi private<\/strong>. <strong>Da ottobre le piogge sono molto meno intense<\/strong> e lo stesso vale per il vento, che in queste zone pu\u00f2 diventare davvero fastidioso. Quindi \u00e8 il momento perfetto per prendere il sole, ma anche per fare dei bellissimi trekking come quello per il <strong>Parco Nazionale della Caldera de Taburiente<\/strong>, a La Palma. Oppure puoi anche fare un\u2019escursione sull\u2019<strong>isolotto di Los Lobos<\/strong>, a 15 minuti da Fuerteventura: un lembo di sabbia bianca e rocce vulcaniche, circondato dall\u2019Oceano. <\/p>\n\n\n\n<p><strong>Dove andare in autunno<\/strong>? Alle <strong>Canarie<\/strong>! Con chi? Con WeRoad! <strong><a href=\"https:\/\/www.weroad.it\/viaggi\/viaggio-tenerife-tour-8-giorni\">Scopri il nostro viaggio a Tenerife e scappa dal freddo<\/a><\/strong>!<\/p>\n\n\n\n<figure class=\"wp-block-image size-large\"><img decoding=\"async\" src=\"https:\/\/cdn.pixabay.com\/photo\/2019\/07\/24\/11\/59\/gran-canaria-4360002_960_720.jpg\" alt=\"Canarie in autunno\"\/><figcaption class=\"wp-element-caption\">Il panorama delle Canarie<\/figcaption><\/figure>\n\n\n\n<h2 class=\"wp-block-heading\" id=\"h-il-tour-della-thailandia\"><strong>Il tour della Thailandia<\/strong><\/h2>\n\n\n\n<p>Notizia bomba! Sai quando inizia la <strong>stagione secca<\/strong> in Thailandia? A novembre,<strong> in pieno autunno<\/strong>! Lasciati alle spalle impermeabile, ombrello e il traffico cittadino quando piove e parti per un tour della Thailandia.<\/p>\n\n\n\n<p>Una delle cose pi\u00f9 difficili da digerire di questo meraviglioso paese \u00e8 <strong>l\u2019umidit\u00e0<\/strong>. Ma nei mesi di<strong> novembre e dicembre<\/strong> l\u2019umidit\u00e0 finalmente cala e le temperature, che sono mediamente sui 27 gradi tutto l\u2019anno, <strong>tornano finalmente ad essere reali<\/strong>. Insomma, per capirci, niente pi\u00f9 25 gradi che poi sono 48 percepiti. Potrai visitare la caotica <strong>Bangkok <\/strong>senza svenire per strada e goderti veramente la cultura della Thailandia.<\/p>\n\n\n\n<p>Quando il clima \u00e8 cos\u00ec perfetto non puoi tirarti indietro, devi fare delle <strong>bellissime escursioni<\/strong>. Nel sud del Paese ci sono le <strong>Surin Islands<\/strong>, un piccolo <strong>arcipelago <\/strong>dove la<strong> connessione scarseggia <\/strong>e potrai immergerti nella natura. Potrai fare <strong>snorkeling <\/strong>nell\u2019acqua cristallina oppure un <strong>trekking nella giungla<\/strong> del Parco Nazionale. Insomma un luogo unico e tutto da scoprire! <\/p>\n\n\n\n<p>Dopo il turismo estivo, finalmente anche <strong>Phuket<\/strong>, una penisola famosa per la sua <strong>movida<\/strong>, diventa una meta <strong>meno affollata<\/strong>. Ma non temere: il <strong>divertimento qui continua tutto l\u2019anno<\/strong>. La notte in giro per i locali a ballare e fare festa e la mattina (o meglio dire forse il pomeriggio) in spiaggia a godersi l\u2019acqua trasparente e il relax thailandese. <strong>Semplicemente perfetto<\/strong>. <\/p>\n\n\n\n<p>Qualsiasi attivit\u00e0 tu voglia fare, andare in <strong>Thailandia in autunno<\/strong> \u00e8 straordinario. <strong><a href=\"https:\/\/www.weroad.it\/viaggi\/viaggi-di-gruppo-in-thailandia-phuket-e-phi-phi-island\">Scoprila con il nostro tour dedicato alla beach life e non solo!<\/a><\/strong><\/p>\n\n\n\n<figure class=\"wp-block-image size-large\"><img decoding=\"async\" src=\"https:\/\/cdn.pixabay.com\/photo\/2015\/02\/08\/16\/37\/boats-628741_960_720.jpg\" alt=\"Thailandia \"\/><figcaption class=\"wp-element-caption\">L&#8217;acqua cristallina della Thailandia<\/figcaption><\/figure>\n\n\n\n<h2 class=\"wp-block-heading\" id=\"h-il-foliage-in-val-d-orcia\"><strong>Il foliage in Val d\u2019Orcia<\/strong><\/h2>\n\n\n\n<p>Quando penso all\u2019autunno mi immagino sempre i bellissimi<strong> colori delle foglie<\/strong>, un buon <strong>bicchiere di vino rosso<\/strong> e il tepore di un <strong>camino acceso<\/strong>. In Italia ci sono molti posti che incarnano a pieno l\u2019essenza di tutto ci\u00f2, ma la <strong>Val d\u2019Orcia<\/strong>, in particolare, ha una marcia in pi\u00f9. <\/p>\n\n\n\n<p>Gi\u00e0 il fatto di essere in <strong>Toscana<\/strong>, rappresenta un toccasana per lo spirito. <strong>Persone accoglienti<\/strong>, un\u2019<strong>ottima cucina tipica<\/strong> e tanta arte, insomma un connubio perfetto! D&#8217;altra parte in <strong>autunno<\/strong>, quando le temperature sono pi\u00f9 fredde, si ha una scusa in pi\u00f9 per mangiare buon piatto di <strong>pici al rag\u00f9 di chianina<\/strong>!<\/p>\n\n\n\n<p>La Val d\u2019Orcia \u00e8 la <strong>terra dei vini <\/strong>per eccellenza. Qui prendono vita alcuni dei<strong> vini pi\u00f9 buoni del mondo<\/strong>, come il Brunello di Montalcino e, di conseguenza, i paesaggi che troverai saranno d\u2019alto livello. La valle \u00e8 infatti caratterizzata dalla presenza di <strong>filari perfetti di vigneti<\/strong>, che in autunno regalano un panorama unico. Il <strong>foliage in Val d\u2019Orcia<\/strong>, ovvero il momento in cui i colori delle foglie variano dal verde al giallo, fino alle sfumature del rosso, \u00e8 <strong>pura magia.<\/strong> <\/p>\n\n\n\n<p><strong>Un weekend in Val d\u2019Orcia in autunno<\/strong> per\u00f2 non sar\u00e0 scandito solo da degustazioni di ottimo vino e cibo, anche se io sarei felice anche solo con quello. Potrai fare, ad esempio, <strong>meravigliosi trekking<\/strong> tra le sue colline colorate. Qui infatti ci sono<strong> tantissimi itinerari <\/strong>possibili, da percorrere a<strong> piedi, in bici o a cavallo<\/strong>. Potrai fare inoltre delle fermate e visitare alcuni dei <strong>borghi pi\u00f9 belli d\u2019Italia<\/strong>, ricchi di arte e storia, e tornare a casa rilassato e, ammettiamolo, anche un pochino ingrassato. <\/p>\n\n\n\n<p>Se non sai <strong>dove andare in autunno<\/strong>, rimani in Italia e scopri la Val d\u2019Orcia!<\/p>\n\n\n\n<figure class=\"wp-block-image size-large\"><img decoding=\"async\" src=\"https:\/\/cdn.pixabay.com\/photo\/2019\/12\/01\/07\/59\/tuscany-4664883_960_720.jpg\" alt=\"Val d'Orcia, Toscana\"\/><figcaption class=\"wp-element-caption\">I vigneti della Val d&#8217;Orcia<\/figcaption><\/figure>\n\n\n\n<h2 class=\"wp-block-heading\" id=\"h-scopri-l-autunno-di-new-york\"><strong>Scopri l\u2019autunno di New York<\/strong><\/h2>\n\n\n\n<p>Questa citt\u00e0 non ha bisogno di presentazioni, non \u00e8 vero? Si tratta di una delle <strong>metropoli pi\u00f9 visitate al mondo<\/strong> e una delle citt\u00e0 pi\u00f9 iconiche dell\u2019intero pianeta: la Grande Mela \u00e8 esaltante in ogni periodo dell\u2019anno. L\u2019<strong>autunno a New York<\/strong> per\u00f2 pu\u00f2 essere una vera e propria sorpresa. <\/p>\n\n\n\n<p>Il <strong>mese perfetto<\/strong> per visitare la Grande Mela \u00e8 <strong>ottobre<\/strong>, grazie alle <strong>temperature ancora miti<\/strong> (a New York in inverno pu\u00f2 fare davvero freddo) e le <strong>piogge scarse<\/strong>, che permettono di fare lunghe passeggiate e godere del<strong> foliage dei parchi della citt\u00e0<\/strong>. Proprio ad ottobre si svolge la bellissima <strong>parata <\/strong>in occasione del <strong>Columbus Day<\/strong>, una festa in onore dello scopritore delle Americhe: musica, carri e tanta tradizione. Ma se c\u2019\u00e8 una festa che a New York viene festeggiata in grande, quella \u00e8 <strong>Halloween<\/strong>. Una delle <strong>feste pi\u00f9 pazze ed eccentriche<\/strong><em> <\/em>della Grande Mela, che culmina anche in questo caso con una mitica parata. Da non perdere!<\/p>\n\n\n\n<p> A <strong>novembre <\/strong>le temperature invece cominciano ad essere pi\u00f9 basse, tra i 12 gradi di massima, con possibilit\u00e0 di assistere alle prime nevicate. Non preoccuparti per\u00f2, perch\u00e9 potrai scaldarti con uno dei piatti tradizionali in occasione della festa del Ringraziamento, il <strong>Thanksgiving<\/strong>. Indovina? Per festeggiare i newyorkesi fanno <strong>un\u2019altra parata<\/strong>! Il giorno dopo invece, per digerire i <strong>dolci alla zucca<\/strong>, goditi un po&#8217; di <strong>pazzo shopping<\/strong>, in occasione degli sconti per il <strong>Black friday<\/strong>. Oppure aspetta qualche giorno, e assisti all\u2019<strong>accensione dell\u2019albero di Natale<\/strong> pi\u00f9 iconico del mondo. A fine novembre infatti, si accendono le luci dell\u2019albero di <strong>Rockfeller Center<\/strong>: un\u2019emozione irripetibile!<\/p>\n\n\n\n<p><a href=\"https:\/\/www.weroad.it\/viaggi\/new-york-360\/\">Scopri New York e fatti ammaliare dal suo fascino con il nostro Tour<\/a>. Se dopo aver parlato di New York non sai ancora dove andare in autunno, non demordere e prosegui la lettura.<\/p>\n\n\n\n<figure class=\"wp-block-image size-large\"><img decoding=\"async\" src=\"https:\/\/images.unsplash.com\/photo-1605652029535-06a5bebce112?ixlib=rb-1.2.1&amp;ixid=MnwxMjA3fDB8MHxwaG90by1wYWdlfHx8fGVufDB8fHx8&amp;auto=format&amp;fit=crop&amp;w=774&amp;q=80\" alt=\"Autunno a New York\"\/><figcaption class=\"wp-element-caption\">L&#8217;autunno a New York<\/figcaption><\/figure>\n\n\n\n<h2 class=\"wp-block-heading\" id=\"h-la-sicilia-una-bellezza-autunnale\"><strong>La Sicilia, una bellezza autunnale<\/strong><\/h2>\n\n\n\n<p>Abbiamo gi\u00e0 parlato di quanto sia bello <strong>viaggiare in autunno<\/strong>, fuori dal turismo di massa estivo? Ok, forse sono ripetitiva (si nota che ho le ferie sempre in agosto, povera me?) ma davvero questo dettaglio pu\u00f2 fare la differenza, soprattutto in Sicilia. <\/p>\n\n\n\n<p>In questo periodo \u00e8 infatti ancora possibile <strong>godersi il sole siciliano<\/strong> e fare una vera e propria vacanza, quasi <strong>come fosse estate<\/strong>. Se il meteo e il mare lo permettono, per i primi mesi autunnali si possono ancora raggiungere le splendide <strong>Isole Eolie<\/strong>, in una pace che pochi luoghi al mondo possono regalare. <\/p>\n\n\n\n<p>Se per\u00f2 il clima non dovesse essere dalla tua parte, nessun problema. Le <strong>temperature<\/strong> in autunno sono ancora <strong>miti<\/strong> e non c\u2019\u00e8 momento migliore se non questo, per visitare le <strong>bellezze storiche e artistiche <\/strong>della Sicilia. Che ne dici allora di visitare ad esempio la <strong>Valle dei Templi ad Agrigento<\/strong>, oppure fare una passeggiata tra la storia della bellissima <strong>Taormina<\/strong>? <strong>Catania, Palermo, Trapani<\/strong>: \u00e8 davvero difficile scegliere quale citt\u00e0 siciliana visitare, ma senza dubbio ogni tua scelta sar\u00e0 premiata. Se vuoi, <a href=\"https:\/\/www.weroad.it\/viaggi\/palermo-weekend\/\">noi possiamo tentarti con un weekend a Palermo<\/a>.<\/p>\n\n\n\n<p>Dopo le varie bellezze storiche, non dimenticare quelle <strong>naturali<\/strong>. L\u2019autunno pu\u00f2 regalare dei <strong>trekking <\/strong>meravigliosi <strong>sull\u2019Etna<\/strong>, ad esempio. Il vulcano pi\u00f9 alto d\u2019Europa, dichiarato <strong>Patrimonio dell\u2019Umanit\u00e0 Unesco<\/strong>, \u00e8 il luogo perfetto per gli amanti dell\u2019<strong>avventura<\/strong>, ma anche per i pi\u00f9 <strong>romantici <\/strong>che vogliono godersi un panorama unico al mondo. Insomma direi che la Sicilia \u00e8 <strong>una delle pi\u00f9 belle mete autunnali italiane <\/strong>per un viaggio in autunno.<\/p>\n\n\n\n<figure class=\"wp-block-image size-large\"><img decoding=\"async\" src=\"https:\/\/images.unsplash.com\/photo-1621965466808-267b85b2bef0?ixlib=rb-1.2.1&amp;ixid=MnwxMjA3fDB8MHxwaG90by1wYWdlfHx8fGVufDB8fHx8&amp;auto=format&amp;fit=crop&amp;w=799&amp;q=80\" alt=\"Taormina, Sicilia\"\/><figcaption class=\"wp-element-caption\">Taormina, Sicilia<\/figcaption><\/figure>\n\n\n\n<p>Tra gli incantevoli colori del <strong>foliage in Italia<\/strong>, <strong>capitali europee<\/strong>, <strong>metropoli <\/strong>oltre Oceano, isole, <strong>spiagge e mare<\/strong>, l\u2019autunno non \u00e8 per forza sinonimo di un periodo grigio e triste, anzi! Purtroppo per quante vacanze si possano fare in estate, alla fine <strong>a settembre soffriamo tutti l\u2019arrivo dell\u2019autunno<\/strong> (e il ritorno a lavoro soprattutto); possiamo per\u00f2 valutare di <strong>fuggire<\/strong> per un weekend in Val d\u2019Orcia o <strong>goderci gli ultimi mesi di temperature miti <\/strong>alle Canarie! Come abbiamo visto, i <strong>posti da visitare in autunno<\/strong> sono tantissimi, basta usare un po&#8217; di fantasia, quella che non manca a<strong> New York<\/strong> durante la parata di Halloween o in <strong>Messico <\/strong>durante il <strong>Dia de Los Muertos<\/strong>. <\/p>\n\n\n\n<p>Insomma i <strong>colori dell\u2019autunno<\/strong> non sono solo quelli delle foglie che cadono, ma anche i <strong>fiori<\/strong>, i <strong>festoni<\/strong>, le <strong>maschere <\/strong>delle tantissime celebrazioni che avvengono in giro per il mondo. Se hai letto questo articolo, non puoi dire di non sapere <strong>dove andare in autunno<\/strong>. Segnati quindi tutti i nostri consigli e fatti ispirare dalle proposte di <strong>Weroad<\/strong>! Vuoi saperne ancora di pi\u00f9, mese per mese, di questa stagione? Eh ma sei proprio affamato di viaggi! Va bene, beccati questi: I migliori viaggi a <a href=\"https:\/\/www.weroad.it\/blog\/8-mete-spettacolari-dove-andare-in-vacanza-a-ottobre\/\">Ottobre<\/a>, <a href=\"https:\/\/www.weroad.it\/blog\/dove-andare-a-novembre\/\">Novembre <\/a>e <a href=\"https:\/\/www.weroad.it\/blog\/dove-andare-a-dicembre-8-mete-splendide-splendenti\/\">Dicembre<\/a><\/p>\n\n\n\n<p>E se stai cercando idee per Capodanno, non perderti il <a href=\"https:\/\/www.weroad.it\/blog\/dove-andare-a-capodanno\/\">nostro articolo con le migliori idee per festeggiare il nuovo anno in viaggio<\/a>.<\/p>\n","protected":false},"excerpt":{"rendered":"<p>Benvenuto autunno! Finalmente possiamo salutare il caldo infernale di quest\u2019estate e goderci un po&#8217; di fresco. Dove andare in autunno se non tra le pieghe del divano, al caldo sotto un&#8217;imbarazzante coperta con le maniche, in attesa dell\u2019arrivo del Natale? Alzati subito e non lasciarti prendere dalla pigrizia! Siamo qui per darti qualche idea per [&hellip;]<\/p>\n","protected":false},"author":34,"featured_media":5080,"comment_status":"closed","ping_status":"open","sticky":false,"template":"","format":"standard","meta":{"_acf_changed":false,"footnotes":""},"categories":[260],"mete":[],"class_list":["post-5079","post","type-post","status-publish","format-standard","has-post-thumbnail","hentry","category-idee-di-viaggio"],"acf":[],"yoast_head":"<!-- This site is optimized with the Yoast SEO Premium plugin v25.3.1 (Yoast SEO v26.8) - https:\/\/yoast.com\/product\/yoast-seo-premium-wordpress\/ -->\n<title>Dove andare in autunno 2025: 8 idee per le vacanze | WeRoad<\/title>\n<meta name=\"description\" content=\"Benvenuto autunno, la stagione perfetta per viaggiare! Ma dove andare in autunno? Scegli con noi delle mete fuori dagli schemi.\" \/>\n<meta name=\"robots\" content=\"index, follow, max-snippet:-1, max-image-preview:large, max-video-preview:-1\" \/>\n<link rel=\"canonical\" href=\"https:\/\/www.weroad.it\/blog\/dove-andare-in-autunno\" \/>\n<meta property=\"og:locale\" content=\"it_IT\" \/>\n<meta property=\"og:type\" content=\"article\" \/>\n<meta property=\"og:title\" content=\"Dove andare in autunno 2025: 8 idee per le vacanze\" \/>\n<meta property=\"og:description\" content=\"Benvenuto autunno, la stagione perfetta per viaggiare! Ma dove andare in autunno? Scegli con noi delle mete fuori dagli schemi.\" \/>\n<meta property=\"og:url\" content=\"https:\/\/www.weroad.it\/blog\/dove-andare-in-autunno\" \/>\n<meta property=\"og:site_name\" content=\"Stories\" \/>\n<meta property=\"article:publisher\" content=\"https:\/\/www.facebook.com\/WeRoad\/\" \/>\n<meta property=\"article:published_time\" content=\"2022-10-06T08:01:45+00:00\" \/>\n<meta property=\"og:image\" content=\"https:\/\/www.weroad.it\/blog\/wp-content\/uploads\/2022\/10\/jeremy-thomas-O6N9RV2rzX8-unsplash-1.jpg\" \/>\n\t<meta property=\"og:image:width\" content=\"1920\" \/>\n\t<meta property=\"og:image:height\" content=\"1280\" \/>\n\t<meta property=\"og:image:type\" content=\"image\/jpeg\" \/>\n<meta name=\"author\" content=\"Vanessa Gonzato\" \/>\n<meta name=\"twitter:card\" content=\"summary_large_image\" \/>\n<meta name=\"twitter:label1\" content=\"Scritto da\" \/>\n\t<meta name=\"twitter:data1\" content=\"Vanessa Gonzato\" \/>\n\t<meta name=\"twitter:label2\" content=\"Tempo di lettura stimato\" \/>\n\t<meta name=\"twitter:data2\" content=\"17 minuti\" \/>\n<script type=\"application\/ld+json\" class=\"yoast-schema-graph\">{\"@context\":\"https:\/\/schema.org\",\"@graph\":[{\"@type\":\"Article\",\"@id\":\"https:\/\/www.weroad.it\/blog\/dove-andare-in-autunno#article\",\"isPartOf\":{\"@id\":\"https:\/\/www.weroad.it\/blog\/dove-andare-in-autunno\"},\"author\":{\"name\":\"Vanessa Gonzato\",\"@id\":\"https:\/\/www.weroad.it\/blog\/#\/schema\/person\/12122d18f27f76856e6f422abfede08c\"},\"headline\":\"Dove andare in autunno 2025: 8 idee per le vacanze\",\"datePublished\":\"2022-10-06T08:01:45+00:00\",\"mainEntityOfPage\":{\"@id\":\"https:\/\/www.weroad.it\/blog\/dove-andare-in-autunno\"},\"wordCount\":2862,\"image\":{\"@id\":\"https:\/\/www.weroad.it\/blog\/dove-andare-in-autunno#primaryimage\"},\"thumbnailUrl\":\"https:\/\/www.weroad.it\/blog\/wp-content\/uploads\/2022\/10\/jeremy-thomas-O6N9RV2rzX8-unsplash-1.jpg\",\"articleSection\":[\"Idee di viaggio\"],\"inLanguage\":\"it-IT\"},{\"@type\":\"WebPage\",\"@id\":\"https:\/\/www.weroad.it\/blog\/dove-andare-in-autunno\",\"url\":\"https:\/\/www.weroad.it\/blog\/dove-andare-in-autunno\",\"name\":\"Dove andare in autunno 2025: 8 idee per le vacanze | WeRoad\",\"isPartOf\":{\"@id\":\"https:\/\/www.weroad.it\/blog\/#website\"},\"primaryImageOfPage\":{\"@id\":\"https:\/\/www.weroad.it\/blog\/dove-andare-in-autunno#primaryimage\"},\"image\":{\"@id\":\"https:\/\/www.weroad.it\/blog\/dove-andare-in-autunno#primaryimage\"},\"thumbnailUrl\":\"https:\/\/www.weroad.it\/blog\/wp-content\/uploads\/2022\/10\/jeremy-thomas-O6N9RV2rzX8-unsplash-1.jpg\",\"datePublished\":\"2022-10-06T08:01:45+00:00\",\"author\":{\"@id\":\"https:\/\/www.weroad.it\/blog\/#\/schema\/person\/12122d18f27f76856e6f422abfede08c\"},\"description\":\"Benvenuto autunno, la stagione perfetta per viaggiare! Ma dove andare in autunno? Scegli con noi delle mete fuori dagli schemi.\",\"breadcrumb\":{\"@id\":\"https:\/\/www.weroad.it\/blog\/dove-andare-in-autunno#breadcrumb\"},\"inLanguage\":\"it-IT\",\"potentialAction\":[{\"@type\":\"ReadAction\",\"target\":[\"https:\/\/www.weroad.it\/blog\/dove-andare-in-autunno\"]}]},{\"@type\":\"ImageObject\",\"inLanguage\":\"it-IT\",\"@id\":\"https:\/\/www.weroad.it\/blog\/dove-andare-in-autunno#primaryimage\",\"url\":\"https:\/\/www.weroad.it\/blog\/wp-content\/uploads\/2022\/10\/jeremy-thomas-O6N9RV2rzX8-unsplash-1.jpg\",\"contentUrl\":\"https:\/\/www.weroad.it\/blog\/wp-content\/uploads\/2022\/10\/jeremy-thomas-O6N9RV2rzX8-unsplash-1.jpg\",\"width\":1920,\"height\":1280,\"caption\":\"dove andare in autunno\"},{\"@type\":\"BreadcrumbList\",\"@id\":\"https:\/\/www.weroad.it\/blog\/dove-andare-in-autunno#breadcrumb\",\"itemListElement\":[{\"@type\":\"ListItem\",\"position\":1,\"name\":\"Home\",\"item\":\"https:\/\/www.weroad.it\/blog\/\"},{\"@type\":\"ListItem\",\"position\":2,\"name\":\"Dove andare in autunno 2025: 8 idee per le vacanze\"}]},{\"@type\":\"WebSite\",\"@id\":\"https:\/\/www.weroad.it\/blog\/#website\",\"url\":\"https:\/\/www.weroad.it\/blog\/\",\"name\":\"Stories\",\"description\":\"A blog by WeRoad\",\"potentialAction\":[{\"@type\":\"SearchAction\",\"target\":{\"@type\":\"EntryPoint\",\"urlTemplate\":\"https:\/\/www.weroad.it\/blog\/?s={search_term_string}\"},\"query-input\":{\"@type\":\"PropertyValueSpecification\",\"valueRequired\":true,\"valueName\":\"search_term_string\"}}],\"inLanguage\":\"it-IT\"},{\"@type\":\"Person\",\"@id\":\"https:\/\/www.weroad.it\/blog\/#\/schema\/person\/12122d18f27f76856e6f422abfede08c\",\"name\":\"Vanessa Gonzato\"}]}<\/script>\n<!-- \/ Yoast SEO Premium plugin. -->","yoast_head_json":{"title":"Dove andare in autunno 2025: 8 idee per le vacanze | WeRoad","description":"Benvenuto autunno, la stagione perfetta per viaggiare! Ma dove andare in autunno? Scegli con noi delle mete fuori dagli schemi.","robots":{"index":"index","follow":"follow","max-snippet":"max-snippet:-1","max-image-preview":"max-image-preview:large","max-video-preview":"max-video-preview:-1"},"canonical":"https:\/\/www.weroad.it\/blog\/dove-andare-in-autunno","og_locale":"it_IT","og_type":"article","og_title":"Dove andare in autunno 2025: 8 idee per le vacanze","og_description":"Benvenuto autunno, la stagione perfetta per viaggiare! Ma dove andare in autunno? Scegli con noi delle mete fuori dagli schemi.","og_url":"https:\/\/www.weroad.it\/blog\/dove-andare-in-autunno","og_site_name":"Stories","article_publisher":"https:\/\/www.facebook.com\/WeRoad\/","article_published_time":"2022-10-06T08:01:45+00:00","og_image":[{"width":1920,"height":1280,"url":"https:\/\/www.weroad.it\/blog\/wp-content\/uploads\/2022\/10\/jeremy-thomas-O6N9RV2rzX8-unsplash-1.jpg","type":"image\/jpeg"}],"author":"Vanessa Gonzato","twitter_card":"summary_large_image","twitter_misc":{"Scritto da":"Vanessa Gonzato","Tempo di lettura stimato":"17 minuti"},"schema":{"@context":"https:\/\/schema.org","@graph":[{"@type":"Article","@id":"https:\/\/www.weroad.it\/blog\/dove-andare-in-autunno#article","isPartOf":{"@id":"https:\/\/www.weroad.it\/blog\/dove-andare-in-autunno"},"author":{"name":"Vanessa Gonzato","@id":"https:\/\/www.weroad.it\/blog\/#\/schema\/person\/12122d18f27f76856e6f422abfede08c"},"headline":"Dove andare in autunno 2025: 8 idee per le vacanze","datePublished":"2022-10-06T08:01:45+00:00","mainEntityOfPage":{"@id":"https:\/\/www.weroad.it\/blog\/dove-andare-in-autunno"},"wordCount":2862,"image":{"@id":"https:\/\/www.weroad.it\/blog\/dove-andare-in-autunno#primaryimage"},"thumbnailUrl":"https:\/\/www.weroad.it\/blog\/wp-content\/uploads\/2022\/10\/jeremy-thomas-O6N9RV2rzX8-unsplash-1.jpg","articleSection":["Idee di viaggio"],"inLanguage":"it-IT"},{"@type":"WebPage","@id":"https:\/\/www.weroad.it\/blog\/dove-andare-in-autunno","url":"https:\/\/www.weroad.it\/blog\/dove-andare-in-autunno","name":"Dove andare in autunno 2025: 8 idee per le vacanze | WeRoad","isPartOf":{"@id":"https:\/\/www.weroad.it\/blog\/#website"},"primaryImageOfPage":{"@id":"https:\/\/www.weroad.it\/blog\/dove-andare-in-autunno#primaryimage"},"image":{"@id":"https:\/\/www.weroad.it\/blog\/dove-andare-in-autunno#primaryimage"},"thumbnailUrl":"https:\/\/www.weroad.it\/blog\/wp-content\/uploads\/2022\/10\/jeremy-thomas-O6N9RV2rzX8-unsplash-1.jpg","datePublished":"2022-10-06T08:01:45+00:00","author":{"@id":"https:\/\/www.weroad.it\/blog\/#\/schema\/person\/12122d18f27f76856e6f422abfede08c"},"description":"Benvenuto autunno, la stagione perfetta per viaggiare! Ma dove andare in autunno? Scegli con noi delle mete fuori dagli schemi.","breadcrumb":{"@id":"https:\/\/www.weroad.it\/blog\/dove-andare-in-autunno#breadcrumb"},"inLanguage":"it-IT","potentialAction":[{"@type":"ReadAction","target":["https:\/\/www.weroad.it\/blog\/dove-andare-in-autunno"]}]},{"@type":"ImageObject","inLanguage":"it-IT","@id":"https:\/\/www.weroad.it\/blog\/dove-andare-in-autunno#primaryimage","url":"https:\/\/www.weroad.it\/blog\/wp-content\/uploads\/2022\/10\/jeremy-thomas-O6N9RV2rzX8-unsplash-1.jpg","contentUrl":"https:\/\/www.weroad.it\/blog\/wp-content\/uploads\/2022\/10\/jeremy-thomas-O6N9RV2rzX8-unsplash-1.jpg","width":1920,"height":1280,"caption":"dove andare in autunno"},{"@type":"BreadcrumbList","@id":"https:\/\/www.weroad.it\/blog\/dove-andare-in-autunno#breadcrumb","itemListElement":[{"@type":"ListItem","position":1,"name":"Home","item":"https:\/\/www.weroad.it\/blog\/"},{"@type":"ListItem","position":2,"name":"Dove andare in autunno 2025: 8 idee per le vacanze"}]},{"@type":"WebSite","@id":"https:\/\/www.weroad.it\/blog\/#website","url":"https:\/\/www.weroad.it\/blog\/","name":"Stories","description":"A blog by WeRoad","potentialAction":[{"@type":"SearchAction","target":{"@type":"EntryPoint","urlTemplate":"https:\/\/www.weroad.it\/blog\/?s={search_term_string}"},"query-input":{"@type":"PropertyValueSpecification","valueRequired":true,"valueName":"search_term_string"}}],"inLanguage":"it-IT"},{"@type":"Person","@id":"https:\/\/www.weroad.it\/blog\/#\/schema\/person\/12122d18f27f76856e6f422abfede08c","name":"Vanessa Gonzato"}]}},"_links":{"self":[{"href":"https:\/\/www.weroad.it\/blog\/wp-json\/wp\/v2\/posts\/5079","targetHints":{"allow":["GET"]}}],"collection":[{"href":"https:\/\/www.weroad.it\/blog\/wp-json\/wp\/v2\/posts"}],"about":[{"href":"https:\/\/www.weroad.it\/blog\/wp-json\/wp\/v2\/types\/post"}],"author":[{"embeddable":true,"href":"https:\/\/www.weroad.it\/blog\/wp-json\/wp\/v2\/users\/34"}],"replies":[{"embeddable":true,"href":"https:\/\/www.weroad.it\/blog\/wp-json\/wp\/v2\/comments?post=5079"}],"version-history":[{"count":14,"href":"https:\/\/www.weroad.it\/blog\/wp-json\/wp\/v2\/posts\/5079\/revisions"}],"predecessor-version":[{"id":11818,"href":"https:\/\/www.weroad.it\/blog\/wp-json\/wp\/v2\/posts\/5079\/revisions\/11818"}],"wp:featuredmedia":[{"embeddable":true,"href":"https:\/\/www.weroad.it\/blog\/wp-json\/wp\/v2\/media\/5080"}],"wp:attachment":[{"href":"https:\/\/www.weroad.it\/blog\/wp-json\/wp\/v2\/media?parent=5079"}],"wp:term":[{"taxonomy":"category","embeddable":true,"href":"https:\/\/www.weroad.it\/blog\/wp-json\/wp\/v2\/categories?post=5079"},{"taxonomy":"mete","embeddable":true,"href":"https:\/\/www.weroad.it\/blog\/wp-json\/wp\/v2\/mete?post=5079"}],"curies":[{"name":"wp","href":"https:\/\/api.w.org\/{rel}","templated":true}]}}