{"id":4986,"date":"2022-09-23T09:00:00","date_gmt":"2022-09-23T07:00:00","guid":{"rendered":"https:\/\/www.weroad.it\/blog\/?p=4986"},"modified":"2026-03-30T09:39:40","modified_gmt":"2026-03-30T07:39:40","slug":"cosa-vedere-a-madeira","status":"publish","type":"post","link":"https:\/\/www.weroad.it\/blog\/cosa-vedere-a-madeira","title":{"rendered":"Cosa vedere a Madeira: le 5 tappe imperdibili"},"content":{"rendered":"\r\n<p>Madeira\u2026 Madeira\u2026 cosa ci viene in mente pensando a questo luogo? Al primo posto c\u2019\u00e8 il <strong>legno<\/strong>, anche perch\u00e9 \u201cMadeira\u201d in portoghese vuol dire proprio legno. L&#8217;isola fu chiamata cos\u00ec nel 1419 perch\u00e9 ricoperta da una foresta impenetrabile.<\/p>\r\n\r\n\r\n\r\n<p>Al secondo posto c\u2019\u00e8 <strong>Cristiano Ronaldo<\/strong>. S\u00ec, la persona pi\u00f9 seguita su Instagram nonch\u00e9 uno dei calciatori pi\u00f9 forti di sempre \u00e8 nato qui. Ovviamente gode di un culto semi-divino con tanto di statua sul lungomare di Funchal, la capitale.<\/p>\r\n\r\n\r\n\r\n<p>Ma &#8211; fortunatamente &#8211; Madeira \u00e8 molto di pi\u00f9. Un&#8217;<strong>isola selvaggia<\/strong>, vasta, che emerge dalle acque dell\u2019oceano annunciata dalle due isole pi\u00f9 piccole che la precedono venendo da oriente: Deserta Grande e Porto Santo. Uno smeraldo incastonato nel blu profondo dell\u2019oceano. Che si arrivi in volo o dal mare, l&#8217;effetto \u00e8 sempre lo stesso: <strong>una rivelazione<\/strong>.<\/p>\r\n\r\n\r\n\r\n<p>Ma se sei qui probabilmente il viaggio lo devi ancora progettare, e Madeira te la stai guardando su Maps. In quel caso la domanda \u00e8 una sola: cosa vedere a Madeira?!<\/p>\r\n\r\n\r\n\r\n<figure class=\"wp-block-image size-full\"><img loading=\"lazy\" decoding=\"async\" width=\"1024\" height=\"768\" class=\"wp-image-6001\" src=\"https:\/\/www.weroad.it\/blog\/wp-content\/uploads\/2022\/09\/viaggio-di-gruppo-madeira-weroad-mare-natura-trekking.jpg\" alt=\"Foto di una ragazza che ammira l'oceano dalla costa di Madeira\" srcset=\"https:\/\/www.weroad.it\/blog\/wp-content\/uploads\/2022\/09\/viaggio-di-gruppo-madeira-weroad-mare-natura-trekking.jpg 1024w, https:\/\/www.weroad.it\/blog\/wp-content\/uploads\/2022\/09\/viaggio-di-gruppo-madeira-weroad-mare-natura-trekking-800x600.jpg 800w, https:\/\/www.weroad.it\/blog\/wp-content\/uploads\/2022\/09\/viaggio-di-gruppo-madeira-weroad-mare-natura-trekking-768x576.jpg 768w\" sizes=\"auto, (max-width: 1024px) 100vw, 1024px\" \/><\/figure>\r\n\r\n\r\n\r\n<p>Situato pi\u00f9 a sud e vicino alla costa dell&#8217;Africa rispetto alle <strong><a href=\"https:\/\/www.weroad.it\/blog\/7-cose-da-vedere-alle-azzorre\/\">pi\u00f9 famose Azzorre,<\/a><\/strong> questo piccolo arcipelago \u00e8 un giardino enorme e galleggiante in cui montagne e spiagge paradisiache si incontrano. Trekking, relax in spiaggia e Surf possono alternarsi nel corso della giornata, e il clima perennemente mite aiuta. Parecchio. Le strade infine non sono quasi mai sature di turisti, anche se le cose da fare e vedere a Madeira sono davvero molte.<\/p>\r\n\r\n\r\n\r\n<p>Per non farvi smarrire in tutta questa natura rigogliosa (MOLTO rigogliosa), abbiamo pensato ad una lista delle <strong>5 attrazioni da non perdere a Madeira. <\/strong><\/p>\r\n\r\n\r\n\r\n<p>Abbiamo incluso anche i cibi da provare e le escursioni di cui innamorarvi. Perch\u00e9 vi conosciamo ormai.<\/p>\r\n\r\n\r\n\r\n<h2 id=\"h-funchal\" class=\"wp-block-heading\"><strong>Funchal <\/strong><\/h2>\r\n\r\n\r\n\r\n<p>Nella nostra lista delle cose da vedere a Madeira,<strong> Funchal \u00e8 sicuramente la prima. <\/strong>Si tratta infatti della capitale delle isole come preannunciato, nonch\u00e9 citt\u00e0 pi\u00f9 grande. Deve il suo nome cos\u00ec pittoresco ad un&#8217;erba chiamata Finocchio &#8220;Funcho&#8221;, usata per realizzare i tradizionali dolcetti di finocchio <strong>&#8216;rebu\u00e7ados de funcho&#8217;<\/strong> che troverete in tutta Madeira.<\/p>\r\n\r\n\r\n\r\n<p>Nella vostra giornata a Funchal dovete partire dal <strong>Mercado dos Labradores: <\/strong>\u00e8 il pi\u00f9 grande dell&#8217;isola, tanto che si espande su tre diversi livelli. Si tratta di una delle attrazioni pi\u00f9 popolari di Madeira, che appagher\u00e0 vista, olfatto e gusto. Il fiore all\u2019occhiello di questo mercato, tra spezie, fiori, carne e pesce, sono sicuramente <strong>i frutti esotici<\/strong>.<\/p>\r\n\r\n\r\n\r\n<p>Lasciatevi tentare dalla Monstera deliciosa, detta \u201cbanana ananas\u201d per via del sapore che ricorda questi due frutti, o assaggiate la Carruba o \u201cbanana passion fruit\u201d, per il suo aspetto simile alla banana e il gusto di passion fruit.<\/p>\r\n\r\n\r\n<div class=\"wp-block-image\">\r\n<figure class=\"aligncenter size-large\"><img loading=\"lazy\" decoding=\"async\" width=\"819\" height=\"1024\" class=\"wp-image-4989\" src=\"https:\/\/www.weroad.it\/blog\/wp-content\/uploads\/2022\/09\/la-frutta-del-mercato-di-Funchal-819x1024.jpeg\" alt=\"la frutta del mercato di Funchal\" srcset=\"https:\/\/www.weroad.it\/blog\/wp-content\/uploads\/2022\/09\/la-frutta-del-mercato-di-Funchal-819x1024.jpeg 819w, https:\/\/www.weroad.it\/blog\/wp-content\/uploads\/2022\/09\/la-frutta-del-mercato-di-Funchal-640x800.jpeg 640w, https:\/\/www.weroad.it\/blog\/wp-content\/uploads\/2022\/09\/la-frutta-del-mercato-di-Funchal-768x960.jpeg 768w, https:\/\/www.weroad.it\/blog\/wp-content\/uploads\/2022\/09\/la-frutta-del-mercato-di-Funchal-1229x1536.jpeg 1229w, https:\/\/www.weroad.it\/blog\/wp-content\/uploads\/2022\/09\/la-frutta-del-mercato-di-Funchal-1638x2048.jpeg 1638w, https:\/\/www.weroad.it\/blog\/wp-content\/uploads\/2022\/09\/la-frutta-del-mercato-di-Funchal-864x1080.jpeg 864w, https:\/\/www.weroad.it\/blog\/wp-content\/uploads\/2022\/09\/la-frutta-del-mercato-di-Funchal.jpeg 1920w\" sizes=\"auto, (max-width: 819px) 100vw, 819px\" \/><\/figure><\/div>\r\n\r\n\r\n<p>Proseguite poi con una tappa al <strong>giardino botanico di Funchal.<\/strong> Ci si arriva tramite una funivia pronta a regalarvi il primo grande highlight naturalistico: una bellissima vista dall\u2019alto fra i tanti colori del giardino. Qui ci sono oltre 3000 tipologie di piante provenienti da tantissime aree d\u2019Europa e del mondo.<\/p>\r\n\r\n\r\n\r\n<p>&nbsp;<\/p>\r\n\r\n\r\n\r\n<p>Dal Giardino inoltre potete regalarvi un\u2019altra esperienza adrenalinica, <strong>quella di scendere con i cestinhos locali<\/strong>. No, non avete capito male&#8230; la parola ha lo stesso significato dell\u2019italiano!<\/p>\r\n\r\n\r\n\r\n<p>Si tratta di grossi cesti di legno e vimini in cui ci si siede per essere trasportati fino al centro di Funchal per circa 2km in discesa. In una visita nella capitale, non potete perdervi uno degli spot pi\u00f9 instagrammabili di tutta Madeira: <strong>Ponta do Garajau<\/strong>, uno dei posti pi\u00f9 romantici dell\u2019isola. Dopo una scalinata che vi condurr\u00e0 al punto pi\u00f9 alto, potrete ammirare l\u2019oceano in tutto il suo splendore. Per una foto top, vi consigliamo di venire al tramonto.<\/p>\r\n\r\n\r\n\r\n<h2 class=\"wp-block-heading\"><strong>Pico Ruvio<\/strong><\/h2>\r\n\r\n\r\n\r\n<p>Il Pico Ruvio <strong>\u00e8 la cima pi\u00f9 alta dell\u2019isola <\/strong>ed una delle cose imperdibili da vedere a Madeira. \u00c8 <strong>la terza vetta del Portogallo<\/strong> e arrivare in alto \u00e8 una delle esperienze pi\u00f9 belle che possiate fare nel paese. La vista panoramica e i percorsi escursionistici che vi portano su, vi faranno davvero sognare nella loro alternanza di paesaggi unici, fatti di cascate, boschi e natura.<\/p>\r\n\r\n\r\n\r\n<p>&nbsp;<\/p>\r\n\r\n\r\n\r\n<p>Vi rassicuriamo subito. Il percorso per raggiungere la vetta \u00e8 accessibile a tutti, anche se, come in tutti i trekking in salita, in alcuni tratti pu\u00f2 risultare pi\u00f9 faticoso. Il sentiero pi\u00f9 semplice inizia ad<strong> Achadas do Teixeira e ha una lunghezza di circa 6 km<\/strong> per un totale di 3 ore di cammino. Il nostro consiglio \u00e8 di andare la mattina presto, quasi al sorgere del sole. A quest&#8217;ora infatti troverete le nuvole tutto intorno alla montagna a creare un effetto quasi magico.<\/p>\r\n\r\n\r\n<div class=\"wp-block-image\">\r\n<figure class=\"aligncenter size-full\"><img loading=\"lazy\" decoding=\"async\" width=\"1024\" height=\"768\" class=\"wp-image-6003\" src=\"https:\/\/www.weroad.it\/blog\/wp-content\/uploads\/2022\/09\/viaggio-di-gruppo-madeira-weroad-montagne.jpg\" alt=\"Gruppo di WeRoader che si fa un selfie dal punto pi\u00f9 alto dell'isola\" srcset=\"https:\/\/www.weroad.it\/blog\/wp-content\/uploads\/2022\/09\/viaggio-di-gruppo-madeira-weroad-montagne.jpg 1024w, https:\/\/www.weroad.it\/blog\/wp-content\/uploads\/2022\/09\/viaggio-di-gruppo-madeira-weroad-montagne-800x600.jpg 800w, https:\/\/www.weroad.it\/blog\/wp-content\/uploads\/2022\/09\/viaggio-di-gruppo-madeira-weroad-montagne-768x576.jpg 768w\" sizes=\"auto, (max-width: 1024px) 100vw, 1024px\" \/><\/figure><\/div>\r\n\r\n\r\n<p>La bellezza di questo luogo \u00e8 legata alla vista pazzesca che la cima regala, ma anche ai percorsi che portano su in vetta. Fra questi spicca il sentiero tra il <strong>Pico Ruvio e il Picco Arieiro, la terza montagna pi\u00f9 alta dell\u2019isola.<\/strong> Questo percorso viene spesso definito il pi\u00f9 trekking pi\u00f9 bello di tutta Madeira e la sua durata \u00e8 generalmente di 3 ore e mezza. Stando ai racconti di tanti escursionisti, per\u00f2, si impiegano circa 5 ore: \u00e8 facile perdersi in questa meraviglia e fermarsi ad ammirare panorami unici. Insomma il sentiero \u00e8 cos\u00ec bello che merita una pausa foto costante per immortalare i numerosi piccoli corsi d\u2019acqua che sfociano in cascate, le rocce vulcaniche sempre sfumate da vene laviche, i picchi frastagliati e tante tiplogie di fiori meravigliosi.<\/p>\r\n\r\n\r\n\r\n<h2 class=\"wp-block-heading\"><strong>Porto Moniz <\/strong><\/h2>\r\n\r\n\r\n\r\n<p>Un\u2019altra delle cose pi\u00f9 belle da vedere a Madeira \u00e8 <strong>Porto Moniz. <\/strong>Molto spesso i viaggiatori scelgono queste isole come meta proprio perch\u00e9 spinti dalla bellezza delle foto scattate <strong>fra le sue piscine naturali.<\/strong> Madeira e le sue isole sono di origine vulcanica e le piscine di Porto Moniz nascono proprio dalla lava defluita dopo un picco di attivit\u00e0 avvenuto pi\u00f9 di un milione di anni fa e che si \u00e8 riversata nel mare, finendo per indurirsi e dando vita alle pareti di queste vasche naturali.<\/p>\r\n\r\n\r\n\r\n<p>Le piscine naturali sono divise in due zone, <strong>una vecchia ed una nuova.<\/strong> La parte antica \u00e8 pi\u00f9 emozionante e naturale e la sua magia proviene soprattutto da un isolotto sormontato da un faro proprio al centro della zona.<\/p>\r\n\r\n\r\n\r\n<p>La nuova invece ci regala un mix con il moderno, caratterizzandosi di noleggi per lettini ed ombrelloni e diversi ristoranti dove potrete assaggiare la cucina locale di cui vi parleremo tra poco! A nord di Porto Moniz potrete vedere e visitare il <strong>Forte di S\u00e3o Jo\u00e3o Baptista,<\/strong> costruito in antichit\u00e0 per poter proteggere le isole da potenziali attacchi dei pirati.<\/p>\r\n\r\n\r\n\r\n<p>Quella che vediamo oggi \u00e8 una struttura pi\u00f9 moderna, frutto di lavori (iniziati nel 2000) di restauro e ricostruzione dei pezzi mancanti che riportassero la fortezza alla sua bellezza originaria. Questo forte oggi ospita <strong>l&#8217;Acquario di Madeira<\/strong> dove \u00e8 possibile vedere mante, murene, pesci balestra e tanti altri pesci presenti nelle acque delle isole.<\/p>\r\n\r\n\r\n\r\n<h2 class=\"wp-block-heading\"><strong>Sao Vicente<\/strong><\/h2>\r\n\r\n\r\n\r\n<p>Un\u2019altra delle cose da non perdere a Madeira \u00e8 <strong>S\u00e3o Vicente.<\/strong> Dietro il nome esotico di questa citt\u00e0 che \u00e8 una delle attrazioni principali della costa settentrionale di Madeira, si nasconde un&#8217;interessante storia folkloristica.<\/p>\r\n\r\n\r\n<div class=\"wp-block-image\">\r\n<figure class=\"aligncenter size-large\"><img loading=\"lazy\" decoding=\"async\" width=\"819\" height=\"1024\" class=\"wp-image-4996\" src=\"https:\/\/www.weroad.it\/blog\/wp-content\/uploads\/2022\/09\/la-natura-di-Madeira-1-819x1024.jpeg\" alt=\"la bellezza naturalistica di Madeira con le scogliere rosse di Sao Vicente\" srcset=\"https:\/\/www.weroad.it\/blog\/wp-content\/uploads\/2022\/09\/la-natura-di-Madeira-1-819x1024.jpeg 819w, https:\/\/www.weroad.it\/blog\/wp-content\/uploads\/2022\/09\/la-natura-di-Madeira-1-640x800.jpeg 640w, https:\/\/www.weroad.it\/blog\/wp-content\/uploads\/2022\/09\/la-natura-di-Madeira-1-768x960.jpeg 768w, https:\/\/www.weroad.it\/blog\/wp-content\/uploads\/2022\/09\/la-natura-di-Madeira-1-1229x1536.jpeg 1229w, https:\/\/www.weroad.it\/blog\/wp-content\/uploads\/2022\/09\/la-natura-di-Madeira-1-1638x2048.jpeg 1638w, https:\/\/www.weroad.it\/blog\/wp-content\/uploads\/2022\/09\/la-natura-di-Madeira-1-864x1080.jpeg 864w, https:\/\/www.weroad.it\/blog\/wp-content\/uploads\/2022\/09\/la-natura-di-Madeira-1.jpeg 1920w\" sizes=\"auto, (max-width: 819px) 100vw, 819px\" \/><\/figure><\/div>\r\n\r\n\r\n<p>Pare che S\u00e3o Vicente abbia preso il suo nome dai numerosi corvi che abitavano queste terre quando vi giunsero i primi coloni. Guardando questi volatili, si ricordarono della storia del martire spagnolo San Vincenzo, le cui spoglie furono difese dall\u2019attacco di bestie feroci da un corvo mandato da Dio. Per questo motivo a difendere la citt\u00e0 oggi c\u2019\u00e8 un altare dedicato al santo in cui si conserva un suo bellissimo dipinto.<\/p>\r\n\r\n\r\n\r\n<p>S\u00e3o Vicente \u00e8 un villaggio fra i pi\u00f9 verdeggianti di tutta Madeira, ma \u00e8 anche caratterizzato da una bellezza vulcanica, ovvero modellata dalle forze dei vulcani e dell\u2019erosione delle rocce sui suoi pendii. In citt\u00e0 si trovano infatti delle meravigliose grotte formatesi in seguito all&#8217;eruzione di un antico vulcano. Oggi sono visitabili e sono un&#8217;occasione per fare un&#8217;escursione al centro della terra e scoprire di pi\u00f9 sugli eventi vulcanici grazie al &#8220;Centro do Vulcanismo&#8221;.<\/p>\r\n\r\n\r\n\r\n<p>Si tratta di un piccolo punto di informazioni in cui potrete scoprire di pi\u00f9 sulla geologia di Madeira e dei cambiamenti che l&#8217;hanno portata al suo aspetto attuale. Da non perdere in citt\u00e0 c\u2019\u00e8 anche il <strong>Giardino Indigeno<\/strong>, un parco molto grande dalla superficie di 2.200 mq, che ospita decine di specie di flora locale e alberi autoctoni dell&#8217;isola, come l\u2019Albero del Drago.<\/p>\r\n\r\n\r\n\r\n<h2 class=\"wp-block-heading\"><strong>C\u00e2mara de Lobos<\/strong><\/h2>\r\n\r\n\r\n\r\n<p>C\u00e2mara de Lobos \u00e8 un\u2019altra delle localit\u00e0 di Madeira da inserire nella lista delle cose da vedere. Si tratta di <strong>un piccolo villaggio di pescatori<\/strong>, che sembra bloccato nel tempo e nel suo romanticismo fatto di barche colorate ammainate al porto.<\/p>\r\n\r\n\r\n\r\n<p>Questa cittadina balneare fu uno dei primi insediamenti di coloni a Madeira, per questo conserva ancora numerose piazze e chiese del XV secolo, come la<strong> Capela De Nossa Senhora Da Concei\u00e7\u00e3o<\/strong>. \u00c8 la pi\u00f9 antica dell\u2019isola secondo i locals e fu costruita nel 1420 per ordine di Jo\u00e3o Gon\u00e7alves Zarco. Il soffitto e le pareti di questa chiesa sono decorati con affreschi della vita di Sant&#8217;Antonio.<\/p>\r\n\r\n\r\n\r\n<p>Non \u00e8 ovviamente un caso: si tratta del santo patrono dei marinai e di conseguenza<strong> i pescatori portoghesi si recano qui a pregare prima di prendere il mare.<\/strong> Ma il fascino di C\u00e2mara de Lobos non viene dalla storia quanto dalla natura che la caratterizza: il paesaggio esprime una sorta di irrequietezza, fatta di scogliere alte in mezzo alla costa, voragini profonde del suolo e montagne maestose nella parte pi\u00f9 centrale.<\/p>\r\n\r\n\r\n\r\n<figure class=\"wp-block-image size-large\"><img loading=\"lazy\" decoding=\"async\" width=\"1024\" height=\"681\" class=\"wp-image-4998\" src=\"https:\/\/www.weroad.it\/blog\/wp-content\/uploads\/2022\/09\/cosa-vedere-a-Madeira-Camara-de-los-lobo-1024x681.jpeg\" alt=\"cosa vedere a Madeira: C\u00e2mara de Lobos con le sue barche che affollano la costa\" srcset=\"https:\/\/www.weroad.it\/blog\/wp-content\/uploads\/2022\/09\/cosa-vedere-a-Madeira-Camara-de-los-lobo-1024x681.jpeg 1024w, https:\/\/www.weroad.it\/blog\/wp-content\/uploads\/2022\/09\/cosa-vedere-a-Madeira-Camara-de-los-lobo-800x532.jpeg 800w, https:\/\/www.weroad.it\/blog\/wp-content\/uploads\/2022\/09\/cosa-vedere-a-Madeira-Camara-de-los-lobo-768x510.jpeg 768w, https:\/\/www.weroad.it\/blog\/wp-content\/uploads\/2022\/09\/cosa-vedere-a-Madeira-Camara-de-los-lobo-1536x1021.jpeg 1536w, https:\/\/www.weroad.it\/blog\/wp-content\/uploads\/2022\/09\/cosa-vedere-a-Madeira-Camara-de-los-lobo-1625x1080.jpeg 1625w, https:\/\/www.weroad.it\/blog\/wp-content\/uploads\/2022\/09\/cosa-vedere-a-Madeira-Camara-de-los-lobo.jpeg 1920w\" sizes=\"auto, (max-width: 1024px) 100vw, 1024px\" \/><\/figure>\r\n\r\n\r\n\r\n<p>Qui \u00e8 possibile fare una delle attivit\u00e0 pi\u00f9 tipiche di Madeira:<strong> la levada, ovvero una passeggiata<\/strong>. \u00c8 possibile fare infatti la Levada Do Norte che va da Ribeira Brava a Cabo Gir\u00e3o. La caratteristica principale delle levadas \u00e8 che sono uniche isola per ogni isola e regalano paesaggi mozzafiato: in questo caso ad esempio i canali d&#8217;acqua si intrecciano attraverso la foresta di laurisilva per irrigare le piantagioni in un percorso di quasi 12.5 km.<\/p>\r\n\r\n\r\n\r\n<h2 class=\"wp-block-heading\"><strong>Porto Santo<\/strong><\/h2>\r\n\r\n\r\n\r\n<p>L\u2019arcipelago di Madeira \u00e8 composto non solo dall\u2019omonima isola ma anche da altri gruppi di isolette, come Ilhas Desertas, Ilhas Selvagens e Porto Santo.<\/p>\r\n\r\n\r\n\r\n<p>Quest\u2019ultima \u00e8 una delle pi\u00f9 piccole ma anche delle pi\u00f9 affascinanti isole, sebbene molto diversa da come abbiamo descritto Madeira stessa finora. \u00c8 infatti meno verde e pi\u00f9 arida <strong>ma vanta una delle spiagge pi\u00f9 belle di Madeira e anche d\u2019Europa.<\/strong><\/p>\r\n\r\n\r\n\r\n<p>Parliamo di una striscia lunghissima e sabbiosa che si estende da Ponta da Calheta e termina a nord con il Club Nautico di Porto Santo. Si trova nel lato sud dell\u2019isola e gode costantemente di uno splendido clima, mite e piacevole anche d\u2019inverno.<\/p>\r\n\r\n\r\n<div class=\"wp-block-image\">\r\n<figure class=\"aligncenter size-large\"><img loading=\"lazy\" decoding=\"async\" width=\"768\" height=\"1024\" class=\"wp-image-5000\" src=\"https:\/\/www.weroad.it\/blog\/wp-content\/uploads\/2022\/09\/Le-waterfall-delle-escursioni-di-Madeira-1-768x1024.jpeg\" alt=\"la natura selvaggia di Madeira\" srcset=\"https:\/\/www.weroad.it\/blog\/wp-content\/uploads\/2022\/09\/Le-waterfall-delle-escursioni-di-Madeira-1-768x1024.jpeg 768w, https:\/\/www.weroad.it\/blog\/wp-content\/uploads\/2022\/09\/Le-waterfall-delle-escursioni-di-Madeira-1-600x800.jpeg 600w, https:\/\/www.weroad.it\/blog\/wp-content\/uploads\/2022\/09\/Le-waterfall-delle-escursioni-di-Madeira-1-1152x1536.jpeg 1152w, https:\/\/www.weroad.it\/blog\/wp-content\/uploads\/2022\/09\/Le-waterfall-delle-escursioni-di-Madeira-1-1536x2048.jpeg 1536w, https:\/\/www.weroad.it\/blog\/wp-content\/uploads\/2022\/09\/Le-waterfall-delle-escursioni-di-Madeira-1-810x1080.jpeg 810w, https:\/\/www.weroad.it\/blog\/wp-content\/uploads\/2022\/09\/Le-waterfall-delle-escursioni-di-Madeira-1.jpeg 1920w\" sizes=\"auto, (max-width: 768px) 100vw, 768px\" \/><\/figure><\/div>\r\n\r\n\r\n<p>Da non perdere a Porto Santo \u00e8<strong> la casa di Colombo<\/strong> che oggi \u00e8 diventata un vero e proprio museo. \u00c8 qui infatti che il navigatore si spos\u00f2 e visse per alcuni anni. Nella sua casa museo si possono rivivere le conquiste portoghesi del passato. Si pu\u00f2 anche approfondire la storia della navigazione e degli strumenti con mappe dell\u2019epoca. Vi si trovano ritratti e opere d\u2019arte legati al mondo di Cristoforo Colombo e alla sua vita.<\/p>\r\n\r\n\r\n\r\n<p>Una delle attrazioni pi\u00f9 belle di tutta Porto Santo che non pu\u00f2 mancare nella vostra lista delle cose da vedere a Madeira \u00e8 sicuramente <strong>il Miradouro da Portela. <\/strong>\u00c8 uno dei punti panoramici pi\u00f9 famosi dell&#8217;isola. Se comprerete qui dei souvenir, lo troverete quasi sempre dipinto o inciso su tazze, portachiavi e bicchieri! L\u2019elemento principale di questo spot <strong>sono i Moinhos de vento<\/strong>, ossia i mulini a vento, una delle icone di Porto Santo, ma anche il panorma visto dall\u2019alto sulla spiaggia e sulla maggior parte dell\u2019isola.<\/p>\r\n\r\n\r\n\r\n<h2 class=\"wp-block-heading\"><strong>Escursioni a Madeira<\/strong><\/h2>\r\n\r\n\r\n\r\n<p>Abbiamo parlato delle principali citt\u00e0 e villaggi di Madeira nella nostra lista delle cose da vedere, ma sull\u2019isola c\u2019\u00e8 davvero molto da fare a livello escursionistico. Madeira infatti vanta numerosi punti panoramici, sentieri e trekking imperdibili.<\/p>\r\n\r\n\r\n\r\n<p>Fra questi il primo che vi consigliamo \u00e8 il percorso che porta a <strong>Vereda da Ponta de S\u00e3o Louren\u00e7o<\/strong>. \u00c8 una delle escursioni pi\u00f9 classiche di Madeira, ma al tempo stesso \u00e8 un\u2019esperienza unica ed imperdibile che vi regaler\u00e0 tante foto da fare invidia sull\u2019oceano o sui mari sempre irrequieti e in movimento del mare a nord dell\u2019isola.<\/p>\r\n\r\n\r\n<div class=\"wp-block-image\">\r\n<figure class=\"aligncenter size-full\"><img loading=\"lazy\" decoding=\"async\" width=\"1024\" height=\"768\" class=\"wp-image-6004\" src=\"https:\/\/www.weroad.it\/blog\/wp-content\/uploads\/2022\/09\/viaggio-portogallo-avventura-madeira-canyoning-agosto-estate-3.jpg\" alt=\"Foto di un gruppo di WeRoader durante una gita di trekking\" srcset=\"https:\/\/www.weroad.it\/blog\/wp-content\/uploads\/2022\/09\/viaggio-portogallo-avventura-madeira-canyoning-agosto-estate-3.jpg 1024w, https:\/\/www.weroad.it\/blog\/wp-content\/uploads\/2022\/09\/viaggio-portogallo-avventura-madeira-canyoning-agosto-estate-3-800x600.jpg 800w, https:\/\/www.weroad.it\/blog\/wp-content\/uploads\/2022\/09\/viaggio-portogallo-avventura-madeira-canyoning-agosto-estate-3-768x576.jpg 768w\" sizes=\"auto, (max-width: 1024px) 100vw, 1024px\" \/><\/figure><\/div>\r\n\r\n\r\n<p>Tra i punti panoramici da non perdere a Madeira, vi consigliamo <strong>Cabo Gir\u00e3o<\/strong>. \u00c8 una delle attrazioni pi\u00f9 belle del Portogallo: <strong>un belvedere sito sul promontorio pi\u00f9 alto, non solo del paese ma di tutta Europa<\/strong> con i suoi 580 m di altitudine. Negli ultimi anni \u00e8 stato rinnovato ed \u00e8 stata aggiunta una piccola parte in vetro, chiamata skywalk, che rende lo spot ancora pi\u00f9 unico. La vista da qui \u00e8 pazzesca e consente di godersi un panorama unico sull\u2019oceano ma anche su C\u00e2mara de Lobos e la citt\u00e0 di Funchal.<\/p>\r\n\r\n\r\n\r\n<p>Un\u2019ultima piccola escursione da fare a Madeira che vi consigliamo \u00e8 <strong>Ponta do Pargo.<\/strong> Si trova a 312 metri di altitudine nella parte ovest di Madeira e offre una vista emozionante sull\u2019oceano e sul paesaggio che si estende dal faro di Ponta do Pargo ad Achadas da Cruz. Uno dei punti pi\u00f9 belli da fotografare da qui \u00e8 sicuramente il faro, che racchiude tutto il bisogno di sicurezza di questa parte insolitamente pi\u00f9 aspra e arida dell\u2019isola.<\/p>\r\n\r\n\r\n\r\n<h2 class=\"wp-block-heading\"><strong>Cosa mangiare a Madeira<\/strong><\/h2>\r\n\r\n\r\n\r\n<p>Le attrazioni come abbiamo visto, non mancano a Madeira, ma parte integrante dell\u2019esperienza sull\u2019isola<strong> \u00e8 la cucina!<\/strong> Ecco una lista dei piatti che non possono mancare sulle vostre tavolate sull&#8217;isola:<\/p>\r\n\r\n\r\n\r\n<p><strong>Espetada da Madeira<\/strong>: il piatto pi\u00f9 tipico dell\u2019isola. Si tratta di uno spiedino di carne servito con rami di alloro, altre spezie e con un piatto di pane sotto, che assorbe tutta la salsa rilasciata dalla carne per delle scarpette gustose;<\/p>\r\n\r\n\r\n\r\n<p><strong>Bolo de caco<\/strong>: non fatevi spaventare dal nome, sar\u00e0 uno dei pani pi\u00f9 buoni che proverete nella vostra vita. Viene tradizionalmente cotto su una pietra di basalto chiamata appunto &#8220;caco&#8221; e vi consigliamo di provare quello con burro ed erbe, il pi\u00f9 tipico e apprezzato dai turisti.<\/p>\r\n\r\n\r\n\r\n<p><strong>Pesce sciabola servito con la banana:<\/strong> anche questo \u00e8 uno dei piatti principali dell\u2019isola. Anche se sembra una strana combinazione, si tratta di un piatto delizioso.<\/p>\r\n\r\n\r\n\r\n<p><strong>Picado de Madeira:<\/strong> \u00e8 un piatto di carne di manzo servita con olive e verdure che per\u00f2 \u00e8 circondata da un letto di patatine fritte.<\/p>\r\n\r\n\r\n\r\n<p><strong>Cozido madeirense: <\/strong>uno stufato di carne di maiale, patate dolci, riso e verdure, perfetto per gli stomaci pi\u00f9 allenati.<\/p>\r\n\r\n\r\n\r\n<p><strong>Bolo de mel: <\/strong>non pu\u00f2 mancare fra i dolci da provare. Ricorda in parte il pan pepato ed \u00e8 una torta fatta con zucchero di canna e miele, noci, mandorle e uvetta.<\/p>\r\n\r\n\r\n\r\n<p>Ad accompagnare i piatti che gusterete con piacere, non pu\u00f2 mancare un buon vino. A Madeira la scelta del vino \u00e8 molto facile data l\u2019eccellenza dei prodotti locali, soprattutto per quanto riguarda quelli liquorosi. Sono diverse le marche di vini liquorosi che potrete assaggiare, per questo vi consigliamo di assaggiare <strong>il Blandy\u2019s e il Cossart Gordon.<\/strong> Attenzione per\u00f2 alla loro gradazione alcolica \u00e8 solitamente intorno ai 20\u00b0, molto pi\u00f9 forte di quanto siamo abituati a bere noi italiani in un pasto.<\/p>\r\n\r\n\r\n\r\n<h2 class=\"wp-block-heading\"><strong>WeRoad a Madeira<\/strong><\/h2>\r\n\r\n\r\n\r\n<p>Se vi state chiedendo quando andare a Madeira la risposta \u00e8 facile: <strong>sempre<\/strong>! Sull\u2019isola il clima \u00e8 sempre mite e quindi ogni periodo \u00e8 giusto per prenotare quel volo.<\/p>\r\n\r\n\r\n\r\n<p>A trovare i vostri compagni di viaggio invece ci pensiamo noi di WeRoad. Per farvi scoprire la natura con trekking ed escursioni, <a href=\"https:\/\/www.weroad.it\/viaggi\/viaggio-madeira-tour-8-giorni\">abbiamo pensato ad un itinerario 360\u00b0<\/a>, che vi permetter\u00e0 di lasciare indietro i pensieri e godervi questo meraviglioso giardino dell\u2019Atlantico! Negli otto giorni del tour avrete modo di toccare con mano tutti i luoghi di cui vi abbiamo parlato, fra a natura lussureggiante e le spiagge invitanti.<\/p>\r\n\r\n\r\n\r\n<p>Non mancher\u00e0 un giorno di trekking per arrivare al Pico Ruivo, scoprirete tutto sul centro del vulcanismo di S\u00e3o Vicente e vi rilasserete nelle piscine naturali di Porto Moniz.<\/p>\r\n\r\n\r\n\r\n<p>Siete pronti a scoprire Madeira? Allora preparate lo zaino e delle scarpe comode! E se volete saperne di pi\u00f9 sul Portogallo, <strong><a href=\"https:\/\/www.weroad.it\/blog\/cosa-vedere-portogallo\/\">non perdete la nostra guida!<\/a><\/strong><\/p>\r\n\r\n\r\n\r\n<h2 id=\"h-mappa-delle-cose-da-vedere-a-madeira\" class=\"wp-block-heading\">Mappa delle cose da vedere a Madeira<\/h2>\r\n\r\n\r\n\r\n<p><iframe loading=\"lazy\" src=\"https:\/\/www.google.com\/maps\/d\/embed?mid=1-A1GInHGwKXrvxzE59xCpANya03jBFQ&amp;ehbc=2E312F&amp;noprof=1\" width=\"640\" height=\"480\"><\/iframe><\/p>\r\n","protected":false},"excerpt":{"rendered":"<p>Madeira\u2026 Madeira\u2026 cosa ci viene in mente pensando a questo luogo? Al primo posto c\u2019\u00e8 il legno, anche perch\u00e9 \u201cMadeira\u201d in portoghese vuol dire proprio legno. L&#8217;isola fu chiamata cos\u00ec nel 1419 perch\u00e9 ricoperta da una foresta impenetrabile. Al secondo posto c\u2019\u00e8 Cristiano Ronaldo. S\u00ec, la persona pi\u00f9 seguita su Instagram nonch\u00e9 uno dei calciatori [&hellip;]<\/p>\n","protected":false},"author":28,"featured_media":4988,"comment_status":"open","ping_status":"open","sticky":false,"template":"","format":"standard","meta":{"_acf_changed":false,"footnotes":""},"categories":[17],"mete":[305,320],"class_list":["post-4986","post","type-post","status-publish","format-standard","has-post-thumbnail","hentry","category-cosa-vedere","tag-portogallo","mete-europa","mete-portogallo"],"acf":[],"yoast_head":"<!-- This site is optimized with the Yoast SEO Premium plugin v25.3.1 (Yoast SEO v26.8) - https:\/\/yoast.com\/product\/yoast-seo-premium-wordpress\/ -->\n<title>Madeira: cosa vedere, cosa mangiare ed escursioni da fare - Stories<\/title>\n<meta name=\"description\" content=\"Cosa vedere a Madeira \u00e8 una delle rivelazioni pi\u00f9 belle del Portogallo? Ve lo raccontiamo noi in 5 tappe imperdibili!\" \/>\n<meta name=\"robots\" content=\"index, follow, max-snippet:-1, max-image-preview:large, max-video-preview:-1\" \/>\n<link rel=\"canonical\" href=\"https:\/\/www.weroad.it\/blog\/cosa-vedere-a-madeira\" \/>\n<meta property=\"og:locale\" content=\"it_IT\" \/>\n<meta property=\"og:type\" content=\"article\" \/>\n<meta property=\"og:title\" content=\"Cosa vedere a Madeira: le 5 tappe imperdibili\" \/>\n<meta property=\"og:description\" content=\"Cosa vedere a Madeira \u00e8 una delle rivelazioni pi\u00f9 belle del Portogallo? Ve lo raccontiamo noi in 5 tappe imperdibili!\" \/>\n<meta property=\"og:url\" content=\"https:\/\/www.weroad.it\/blog\/cosa-vedere-a-madeira\" \/>\n<meta property=\"og:site_name\" content=\"Stories\" \/>\n<meta property=\"article:publisher\" content=\"https:\/\/www.facebook.com\/WeRoad\/\" \/>\n<meta property=\"article:published_time\" content=\"2022-09-23T07:00:00+00:00\" \/>\n<meta property=\"og:image\" content=\"https:\/\/www.weroad.it\/blog\/wp-content\/uploads\/2022\/09\/Le-bellezze-di-Madeira.jpeg\" \/>\n\t<meta property=\"og:image:width\" content=\"1920\" \/>\n\t<meta property=\"og:image:height\" content=\"1266\" \/>\n\t<meta property=\"og:image:type\" content=\"image\/jpeg\" \/>\n<meta name=\"author\" content=\"Barbara Amasino\" \/>\n<meta name=\"twitter:card\" content=\"summary_large_image\" \/>\n<meta name=\"twitter:label1\" content=\"Scritto da\" \/>\n\t<meta name=\"twitter:data1\" content=\"Barbara Amasino\" \/>\n\t<meta name=\"twitter:label2\" content=\"Tempo di lettura stimato\" \/>\n\t<meta name=\"twitter:data2\" content=\"16 minuti\" \/>\n<script type=\"application\/ld+json\" class=\"yoast-schema-graph\">{\"@context\":\"https:\/\/schema.org\",\"@graph\":[{\"@type\":\"Article\",\"@id\":\"https:\/\/www.weroad.it\/blog\/cosa-vedere-a-madeira#article\",\"isPartOf\":{\"@id\":\"https:\/\/www.weroad.it\/blog\/cosa-vedere-a-madeira\"},\"author\":{\"name\":\"Barbara Amasino\",\"@id\":\"https:\/\/www.weroad.it\/blog\/#\/schema\/person\/aec4879b052942ad477b9e43aac4731a\"},\"headline\":\"Cosa vedere a Madeira: le 5 tappe imperdibili\",\"datePublished\":\"2022-09-23T07:00:00+00:00\",\"mainEntityOfPage\":{\"@id\":\"https:\/\/www.weroad.it\/blog\/cosa-vedere-a-madeira\"},\"wordCount\":2634,\"commentCount\":0,\"image\":{\"@id\":\"https:\/\/www.weroad.it\/blog\/cosa-vedere-a-madeira#primaryimage\"},\"thumbnailUrl\":\"https:\/\/www.weroad.it\/blog\/wp-content\/uploads\/2022\/09\/Le-bellezze-di-Madeira.jpeg\",\"keywords\":[\"Portogallo\"],\"articleSection\":[\"Cosa Vedere\"],\"inLanguage\":\"it-IT\",\"potentialAction\":[{\"@type\":\"CommentAction\",\"name\":\"Comment\",\"target\":[\"https:\/\/www.weroad.it\/blog\/cosa-vedere-a-madeira#respond\"]}]},{\"@type\":\"WebPage\",\"@id\":\"https:\/\/www.weroad.it\/blog\/cosa-vedere-a-madeira\",\"url\":\"https:\/\/www.weroad.it\/blog\/cosa-vedere-a-madeira\",\"name\":\"Madeira: cosa vedere, cosa mangiare ed escursioni da fare - Stories\",\"isPartOf\":{\"@id\":\"https:\/\/www.weroad.it\/blog\/#website\"},\"primaryImageOfPage\":{\"@id\":\"https:\/\/www.weroad.it\/blog\/cosa-vedere-a-madeira#primaryimage\"},\"image\":{\"@id\":\"https:\/\/www.weroad.it\/blog\/cosa-vedere-a-madeira#primaryimage\"},\"thumbnailUrl\":\"https:\/\/www.weroad.it\/blog\/wp-content\/uploads\/2022\/09\/Le-bellezze-di-Madeira.jpeg\",\"datePublished\":\"2022-09-23T07:00:00+00:00\",\"author\":{\"@id\":\"https:\/\/www.weroad.it\/blog\/#\/schema\/person\/aec4879b052942ad477b9e43aac4731a\"},\"description\":\"Cosa vedere a Madeira \u00e8 una delle rivelazioni pi\u00f9 belle del Portogallo? Ve lo raccontiamo noi in 5 tappe imperdibili!\",\"breadcrumb\":{\"@id\":\"https:\/\/www.weroad.it\/blog\/cosa-vedere-a-madeira#breadcrumb\"},\"inLanguage\":\"it-IT\",\"potentialAction\":[{\"@type\":\"ReadAction\",\"target\":[\"https:\/\/www.weroad.it\/blog\/cosa-vedere-a-madeira\"]}]},{\"@type\":\"ImageObject\",\"inLanguage\":\"it-IT\",\"@id\":\"https:\/\/www.weroad.it\/blog\/cosa-vedere-a-madeira#primaryimage\",\"url\":\"https:\/\/www.weroad.it\/blog\/wp-content\/uploads\/2022\/09\/Le-bellezze-di-Madeira.jpeg\",\"contentUrl\":\"https:\/\/www.weroad.it\/blog\/wp-content\/uploads\/2022\/09\/Le-bellezze-di-Madeira.jpeg\",\"width\":1920,\"height\":1266,\"caption\":\"Le bellezze di Madeira\"},{\"@type\":\"BreadcrumbList\",\"@id\":\"https:\/\/www.weroad.it\/blog\/cosa-vedere-a-madeira#breadcrumb\",\"itemListElement\":[{\"@type\":\"ListItem\",\"position\":1,\"name\":\"Home\",\"item\":\"https:\/\/www.weroad.it\/blog\/\"},{\"@type\":\"ListItem\",\"position\":2,\"name\":\"Cosa vedere a Madeira: le 5 tappe imperdibili\"}]},{\"@type\":\"WebSite\",\"@id\":\"https:\/\/www.weroad.it\/blog\/#website\",\"url\":\"https:\/\/www.weroad.it\/blog\/\",\"name\":\"Stories\",\"description\":\"A blog by WeRoad\",\"potentialAction\":[{\"@type\":\"SearchAction\",\"target\":{\"@type\":\"EntryPoint\",\"urlTemplate\":\"https:\/\/www.weroad.it\/blog\/?s={search_term_string}\"},\"query-input\":{\"@type\":\"PropertyValueSpecification\",\"valueRequired\":true,\"valueName\":\"search_term_string\"}}],\"inLanguage\":\"it-IT\"},{\"@type\":\"Person\",\"@id\":\"https:\/\/www.weroad.it\/blog\/#\/schema\/person\/aec4879b052942ad477b9e43aac4731a\",\"name\":\"Barbara Amasino\",\"sameAs\":[\"https:\/\/www.instagram.com\/ba.amas91\/?hl=it\",\"https:\/\/www.linkedin.com\/in\/barbara-amasino\/\"],\"jobTitle\":\"Copywriter\"}]}<\/script>\n<!-- \/ Yoast SEO Premium plugin. -->","yoast_head_json":{"title":"Madeira: cosa vedere, cosa mangiare ed escursioni da fare - Stories","description":"Cosa vedere a Madeira \u00e8 una delle rivelazioni pi\u00f9 belle del Portogallo? Ve lo raccontiamo noi in 5 tappe imperdibili!","robots":{"index":"index","follow":"follow","max-snippet":"max-snippet:-1","max-image-preview":"max-image-preview:large","max-video-preview":"max-video-preview:-1"},"canonical":"https:\/\/www.weroad.it\/blog\/cosa-vedere-a-madeira","og_locale":"it_IT","og_type":"article","og_title":"Cosa vedere a Madeira: le 5 tappe imperdibili","og_description":"Cosa vedere a Madeira \u00e8 una delle rivelazioni pi\u00f9 belle del Portogallo? Ve lo raccontiamo noi in 5 tappe imperdibili!","og_url":"https:\/\/www.weroad.it\/blog\/cosa-vedere-a-madeira","og_site_name":"Stories","article_publisher":"https:\/\/www.facebook.com\/WeRoad\/","article_published_time":"2022-09-23T07:00:00+00:00","og_image":[{"width":1920,"height":1266,"url":"https:\/\/www.weroad.it\/blog\/wp-content\/uploads\/2022\/09\/Le-bellezze-di-Madeira.jpeg","type":"image\/jpeg"}],"author":"Barbara Amasino","twitter_card":"summary_large_image","twitter_misc":{"Scritto da":"Barbara Amasino","Tempo di lettura stimato":"16 minuti"},"schema":{"@context":"https:\/\/schema.org","@graph":[{"@type":"Article","@id":"https:\/\/www.weroad.it\/blog\/cosa-vedere-a-madeira#article","isPartOf":{"@id":"https:\/\/www.weroad.it\/blog\/cosa-vedere-a-madeira"},"author":{"name":"Barbara Amasino","@id":"https:\/\/www.weroad.it\/blog\/#\/schema\/person\/aec4879b052942ad477b9e43aac4731a"},"headline":"Cosa vedere a Madeira: le 5 tappe imperdibili","datePublished":"2022-09-23T07:00:00+00:00","mainEntityOfPage":{"@id":"https:\/\/www.weroad.it\/blog\/cosa-vedere-a-madeira"},"wordCount":2634,"commentCount":0,"image":{"@id":"https:\/\/www.weroad.it\/blog\/cosa-vedere-a-madeira#primaryimage"},"thumbnailUrl":"https:\/\/www.weroad.it\/blog\/wp-content\/uploads\/2022\/09\/Le-bellezze-di-Madeira.jpeg","keywords":["Portogallo"],"articleSection":["Cosa Vedere"],"inLanguage":"it-IT","potentialAction":[{"@type":"CommentAction","name":"Comment","target":["https:\/\/www.weroad.it\/blog\/cosa-vedere-a-madeira#respond"]}]},{"@type":"WebPage","@id":"https:\/\/www.weroad.it\/blog\/cosa-vedere-a-madeira","url":"https:\/\/www.weroad.it\/blog\/cosa-vedere-a-madeira","name":"Madeira: cosa vedere, cosa mangiare ed escursioni da fare - Stories","isPartOf":{"@id":"https:\/\/www.weroad.it\/blog\/#website"},"primaryImageOfPage":{"@id":"https:\/\/www.weroad.it\/blog\/cosa-vedere-a-madeira#primaryimage"},"image":{"@id":"https:\/\/www.weroad.it\/blog\/cosa-vedere-a-madeira#primaryimage"},"thumbnailUrl":"https:\/\/www.weroad.it\/blog\/wp-content\/uploads\/2022\/09\/Le-bellezze-di-Madeira.jpeg","datePublished":"2022-09-23T07:00:00+00:00","author":{"@id":"https:\/\/www.weroad.it\/blog\/#\/schema\/person\/aec4879b052942ad477b9e43aac4731a"},"description":"Cosa vedere a Madeira \u00e8 una delle rivelazioni pi\u00f9 belle del Portogallo? Ve lo raccontiamo noi in 5 tappe imperdibili!","breadcrumb":{"@id":"https:\/\/www.weroad.it\/blog\/cosa-vedere-a-madeira#breadcrumb"},"inLanguage":"it-IT","potentialAction":[{"@type":"ReadAction","target":["https:\/\/www.weroad.it\/blog\/cosa-vedere-a-madeira"]}]},{"@type":"ImageObject","inLanguage":"it-IT","@id":"https:\/\/www.weroad.it\/blog\/cosa-vedere-a-madeira#primaryimage","url":"https:\/\/www.weroad.it\/blog\/wp-content\/uploads\/2022\/09\/Le-bellezze-di-Madeira.jpeg","contentUrl":"https:\/\/www.weroad.it\/blog\/wp-content\/uploads\/2022\/09\/Le-bellezze-di-Madeira.jpeg","width":1920,"height":1266,"caption":"Le bellezze di Madeira"},{"@type":"BreadcrumbList","@id":"https:\/\/www.weroad.it\/blog\/cosa-vedere-a-madeira#breadcrumb","itemListElement":[{"@type":"ListItem","position":1,"name":"Home","item":"https:\/\/www.weroad.it\/blog\/"},{"@type":"ListItem","position":2,"name":"Cosa vedere a Madeira: le 5 tappe imperdibili"}]},{"@type":"WebSite","@id":"https:\/\/www.weroad.it\/blog\/#website","url":"https:\/\/www.weroad.it\/blog\/","name":"Stories","description":"A blog by WeRoad","potentialAction":[{"@type":"SearchAction","target":{"@type":"EntryPoint","urlTemplate":"https:\/\/www.weroad.it\/blog\/?s={search_term_string}"},"query-input":{"@type":"PropertyValueSpecification","valueRequired":true,"valueName":"search_term_string"}}],"inLanguage":"it-IT"},{"@type":"Person","@id":"https:\/\/www.weroad.it\/blog\/#\/schema\/person\/aec4879b052942ad477b9e43aac4731a","name":"Barbara Amasino","sameAs":["https:\/\/www.instagram.com\/ba.amas91\/?hl=it","https:\/\/www.linkedin.com\/in\/barbara-amasino\/"],"jobTitle":"Copywriter"}]}},"_links":{"self":[{"href":"https:\/\/www.weroad.it\/blog\/wp-json\/wp\/v2\/posts\/4986","targetHints":{"allow":["GET"]}}],"collection":[{"href":"https:\/\/www.weroad.it\/blog\/wp-json\/wp\/v2\/posts"}],"about":[{"href":"https:\/\/www.weroad.it\/blog\/wp-json\/wp\/v2\/types\/post"}],"author":[{"embeddable":true,"href":"https:\/\/www.weroad.it\/blog\/wp-json\/wp\/v2\/users\/28"}],"replies":[{"embeddable":true,"href":"https:\/\/www.weroad.it\/blog\/wp-json\/wp\/v2\/comments?post=4986"}],"version-history":[{"count":21,"href":"https:\/\/www.weroad.it\/blog\/wp-json\/wp\/v2\/posts\/4986\/revisions"}],"predecessor-version":[{"id":16141,"href":"https:\/\/www.weroad.it\/blog\/wp-json\/wp\/v2\/posts\/4986\/revisions\/16141"}],"wp:featuredmedia":[{"embeddable":true,"href":"https:\/\/www.weroad.it\/blog\/wp-json\/wp\/v2\/media\/4988"}],"wp:attachment":[{"href":"https:\/\/www.weroad.it\/blog\/wp-json\/wp\/v2\/media?parent=4986"}],"wp:term":[{"taxonomy":"category","embeddable":true,"href":"https:\/\/www.weroad.it\/blog\/wp-json\/wp\/v2\/categories?post=4986"},{"taxonomy":"mete","embeddable":true,"href":"https:\/\/www.weroad.it\/blog\/wp-json\/wp\/v2\/mete?post=4986"}],"curies":[{"name":"wp","href":"https:\/\/api.w.org\/{rel}","templated":true}]}}