{"id":3560,"date":"2022-01-31T11:24:37","date_gmt":"2022-01-31T10:24:37","guid":{"rendered":"https:\/\/www.weroad.it\/blog\/?p=3560"},"modified":"2026-03-30T09:38:37","modified_gmt":"2026-03-30T07:38:37","slug":"cosa-vedere-a-porto","status":"publish","type":"post","link":"https:\/\/www.weroad.it\/blog\/cosa-vedere-a-porto","title":{"rendered":"Cosa vedere a Porto, la capital do norte!"},"content":{"rendered":"\r\n<p>Porto \u00e8 una splendida citt\u00e0 del nord del Portogallo che nasce lungo le sponde del fiume <strong>Douro<\/strong>, qualche km prima che si getti sull&#8217;oceano Atlantico. Con i suoi <strong>saliscendi<\/strong>, il fascino <strong>barocco <\/strong>un po&#8217; decadente, le <strong>azulejos <\/strong>e i <strong>vini <\/strong>pregiati \u00e8 una delle mete pi\u00f9 gettonate del paese. Viste le sue contenute dimensioni \u00e8 il perfetto gate away del fine settimana, anche grazie ai tanti voli lowcost che la collegano alle principali citt\u00e0 europee.<\/p>\r\n\r\n\r\n\r\n<p><strong>Se avete in mente un tour del Portogallo e non solo una gita a <mark>Porto<\/mark>, qui trovate anche la lista di <a href=\"https:\/\/www.weroad.it\/blog\/cosa-vedere-portogallo\/\" target=\"_blank\" rel=\"noreferrer noopener\">10 cose da <mark>vedere<\/mark> in Portogallo<\/a>!<\/strong><\/p>\r\n\r\n\r\n\r\n<p>Ma cosa c&#8217;\u00e8 da vedere a Porto? Partiamo con il dire che la citt\u00e0 ha una storia millenaria che rende la visita ancora pi\u00f9 interessante: nata come <strong>villaggio celtico<\/strong>, conquistata dai <strong>romani <\/strong>(dai quali prende il nome <em>Portus Cale<\/em>), poi dagli <strong>arabi <\/strong>e successivamente dagli <strong>Spagnoli <\/strong>diventa indipendente nel 1138. Il periodo delle scoperte territoriali la rese un centro nevralgico per il <strong>commercio marittimo<\/strong> ponendo le basi per la potenza coloniale dei secoli a venire. Raggiunse il suo massimo splendore nel XVIII secolo che fu anche chiamato il <strong>secolo d&#8217;oro di Porto<\/strong>, durante il quale molti degli edifici in stile neoclassico e barocco che ammiriamo oggi sono stati edificati. Nel periodo 1700-1800 inoltre, vennero costruiti alcuni elementi chiave della citt\u00e0, come il <strong>ponte Dom Luis I e la Borsa<\/strong>.<\/p>\r\n\r\n\r\n\r\n<p>A proposito, il ponte vi ricorda per caso un&#8217;altra famosa struttura europea? Scopriamo insieme questa piccola perla della penisola iberica!<\/p>\r\n\r\n\r\n\r\n<h2 id=\"h-la-ribeira\" class=\"wp-block-heading\"><strong>La Ribeira<\/strong><\/h2>\r\n\r\n\r\n\r\n<p>Questo quartiere \u00e8 uno dei pi\u00f9 caratteristici della citt\u00e0 ed \u00e8 sicuramente tra le primissime cose da vedere a Porto. Si sviluppa lungo il fiume Douro dove botteghe di <strong>artigianato<\/strong> e <strong>ristoranti <\/strong>tipici convivono con le <strong>casette colorate<\/strong>, i panni stesi e le stradine di ciottoli che si inerpicano verso la cattedrale. Un posto dove i turisti si fondono perfettamente con i residenti e possono vivere un giorno (o solo qualche ora) da veri local! Sembra un piccolo paesino all&#8217;interno della citt\u00e0, ed \u00e8 sicuramente la prima tappa del nostro viaggio! Scopriamo cose vedere nella Ribeira.<\/p>\r\n\r\n\r\n\r\n<figure class=\"wp-block-image size-large\"><img loading=\"lazy\" decoding=\"async\" width=\"1024\" height=\"683\" class=\"wp-image-3563\" src=\"https:\/\/www.weroad.it\/blog\/wp-content\/uploads\/2022\/01\/nick-karvounis-7xiADv3VZ0k-unsplash-1024x683.jpg\" alt=\"\" srcset=\"https:\/\/www.weroad.it\/blog\/wp-content\/uploads\/2022\/01\/nick-karvounis-7xiADv3VZ0k-unsplash-1024x683.jpg 1024w, https:\/\/www.weroad.it\/blog\/wp-content\/uploads\/2022\/01\/nick-karvounis-7xiADv3VZ0k-unsplash-800x533.jpg 800w, https:\/\/www.weroad.it\/blog\/wp-content\/uploads\/2022\/01\/nick-karvounis-7xiADv3VZ0k-unsplash-768x512.jpg 768w, https:\/\/www.weroad.it\/blog\/wp-content\/uploads\/2022\/01\/nick-karvounis-7xiADv3VZ0k-unsplash.jpg 1080w\" sizes=\"auto, (max-width: 1024px) 100vw, 1024px\" \/>\r\n<figcaption class=\"wp-element-caption\"><em>Vista della Ribeira dal fiume<\/em><\/figcaption>\r\n<\/figure>\r\n\r\n\r\n\r\n<ul class=\"wp-block-list\">\r\n<li><strong>Cattedrale di Porto<\/strong> &#8211; Chiamata la <strong>S\u00e8 <\/strong>\u00e8 la chiesa principale della citt\u00e0. Edificata nel 1200 sulle rovine di un precedente edificio, spicca sulla collina con le <strong>2 torri gemelle<\/strong> e il gigantesco <strong>rosone <\/strong>centrale. E&#8217; uno splendido esempio di architettura <strong>romanica <\/strong>e vale la pena entrare per ammirarne l&#8217;interno (soprattutto il chiostro con le azulejos bianche e azzurre) ma potete anche solo godervi il <strong>panorama <\/strong>della citt\u00e0 sottostante dalla piazza.<\/li>\r\n\r\n\r\n\r\n<li><strong>La stazione di Sao Bento<\/strong> &#8211; \u00e8 la stazione principale di Porto ed \u00e8 sicuramente uno di quei posti che NON sembrano una stazione. Rimarrete colpiti dalla meraviglia delle pareti della <strong>sala di ingresso<\/strong> (42mx14m) completamente rivestite di <strong>azulejos bianche e blu<\/strong>.<\/li>\r\n\r\n\r\n\r\n<li><strong>Ponte Dom Luis I<\/strong> &#8211; Ad alcuni pu\u00f2 ricordare la base della Torre Eiffel, e non \u00e8 un caso! Disegnato da Th\u00e9ophile Seyrig, allievo e socio di Gustave Eiffel, \u00e8 uno dei simboli di Porto e collega la citt\u00e0 con la sponda sud del Douro che tecnicamente \u00e8 un&#8217;altra citt\u00e0 Villa Nova de Gaia. Inaugurato nel <strong>1886 <\/strong>\u00e8 fatto totalmente di <strong>ferro<\/strong>, proprio come la pi\u00f9 celebre costruzione parigina. Oggi ospita sia le macchine, sia i mezzi del trasporto pubblico (tram e treni della metro), ed \u00e8 possibile anche attraversarlo a piedi. Nel 1996 il ponte \u00e8 stato dichiarato <strong>Patrimonio Unesco<\/strong>.<\/li>\r\n\r\n\r\n\r\n<li><strong>Palacio da Bolsa<\/strong> &#8211; Non fermatevi alla parvenza esterna che non rende giustizia alla maestosit\u00e0 del palazzo. Costruito nel <strong>1842 <\/strong>per accogliere i rappresentanti esteri in visita a Porto, il palacia da Bolsa presenta la potenza commerciale del Portogallo di quegli anni d&#8217;oro. Girovagate nelle tante sale, non perdete quella <strong>araba<\/strong>, in stile <strong>neo-moresco<\/strong> ispirato all&#8217;Alhambra di Granada e la sala delle <strong>Nazioni <\/strong>costruita dove c&#8217;era inizialmente il <strong>chiostro<\/strong>.<\/li>\r\n\r\n\r\n\r\n<li><strong>Igreja Monumento de S\u00e3o Francisco<\/strong> &#8211; Usciti dal Palacio da Bolsa, entrate in questa chiesa che da fuori vi sembrer\u00e0 abbastanza anonima per farvi sorprendere dai suoi <strong>interni dorati. <\/strong>La chiesa dedicata a S.Francesco d&#8217;Assisi \u00e8 un esempio di architettura <strong>barocca <\/strong>e tra le<strong> chiese pi\u00f9 decorate d&#8217;Europa<\/strong>.<\/li>\r\n<\/ul>\r\n\r\n\r\n\r\n<h2 class=\"wp-block-heading\"><strong>Pra\u00e7a da Liberdade<\/strong><\/h2>\r\n\r\n\r\n\r\n<p>Dopo aver girato in lungo e in largo la Ribeira dirigetevi su per la collina verso il <strong>quartiere nuovo <\/strong>che ha il suo fulcro in Pra\u00e7a de Liberdade. Sedetevi in uno dei tanti bar che si affacciano sulla piazza, prendete un caff\u00e8 e all&#8217;ombra della statua del re Pedro IV decidete cosa vedere per prima tra queste 6 attrazioni di Porto.<\/p>\r\n\r\n\r\n\r\n<ul class=\"wp-block-list\">\r\n<li><strong>Igreja e Torre dos Cl\u00e9rigos<\/strong> &#8211; La chiesa ma soprattutto la <strong>torre barocca <\/strong>\u00e8 uno dei simboli di Porto. Progettata da Niccol\u00f2 Nasoni nel 1750 circa, \u00e8 alta 76m. Dopo 225 gradini arriverete in cima per uno<strong> spettacolare panorama<\/strong>!<\/li>\r\n\r\n\r\n\r\n<li><strong>Fontana dei leoni <\/strong>&#8211; Dalla torre attraversate la Praca de Lisboa per andare a vedere questa fontana del <strong>XIX secolo<\/strong> costrutita dalla Compagnie Generale des Eaux pour l&#8217;Etranger.<\/li>\r\n\r\n\r\n\r\n<li><strong>Libreria Lello e Irmao<\/strong> &#8211; Siete fan di <strong>Harry Potter<\/strong>? Questo \u00e8 il posto che fa per voi visto che si dice che la scrittrice della fortunata saga abbia preso <strong>ispirazione da questa libreria <\/strong>per alcuni ambienti della storia. Quest&#8217;attivit\u00e0 \u00e8<strong> aperta dalla seconda met\u00e0 del 1800<\/strong>, e la facciata e la scala di legno interna sono i pezzi forti da ammirare. Vista la popolarit\u00e0 i proprietari hanno messo un ticket di ingresso che pu\u00f2 essere convertito in sconto sull&#8217;acquisto di libri.<\/li>\r\n<\/ul>\r\n\r\n\r\n\r\n<figure class=\"wp-block-image size-large\"><img loading=\"lazy\" decoding=\"async\" width=\"1024\" height=\"697\" class=\"wp-image-3564\" src=\"https:\/\/www.weroad.it\/blog\/wp-content\/uploads\/2022\/01\/ivo-rainha-0rzUepBXHN0-unsplash-1024x697.jpg\" alt=\"\" srcset=\"https:\/\/www.weroad.it\/blog\/wp-content\/uploads\/2022\/01\/ivo-rainha-0rzUepBXHN0-unsplash-1024x697.jpg 1024w, https:\/\/www.weroad.it\/blog\/wp-content\/uploads\/2022\/01\/ivo-rainha-0rzUepBXHN0-unsplash-800x544.jpg 800w, https:\/\/www.weroad.it\/blog\/wp-content\/uploads\/2022\/01\/ivo-rainha-0rzUepBXHN0-unsplash-768x523.jpg 768w, https:\/\/www.weroad.it\/blog\/wp-content\/uploads\/2022\/01\/ivo-rainha-0rzUepBXHN0-unsplash.jpg 1058w\" sizes=\"auto, (max-width: 1024px) 100vw, 1024px\" \/>\r\n<figcaption class=\"wp-element-caption\"><em>Interni della libreria Lello<\/em><\/figcaption>\r\n<\/figure>\r\n\r\n\r\n\r\n<ul class=\"wp-block-list\">\r\n<li><strong>Avenida de Aliados<\/strong> &#8211; \u00e8 considerato il <strong>cuore della citt\u00e0<\/strong> ed \u00e8 un ampio viale dedicato agli Alleati della prima guerra mondiale. Godetevi la passeggiata tra i bellissimi palazzi (tra cui anche il municipio), caff\u00e8 e negozi.<\/li>\r\n\r\n\r\n\r\n<li><strong>Mercato Bolh\u00e3o<\/strong> &#8211; Questo mercato dalla <strong>struttura in ferro battuto<\/strong> \u00e8 frequentato pi\u00f9 dagli abitanti che dai turisti, perfetto per sentirsi dei local! Potrete comprare frutta, carne, prodotti della gastronomia ma anche souvenir, se non proprio all&#8217;interno del mercato, nelle stradine tutto intorno che sono famose per i negozi pi\u00f9 in voga della citt\u00e0.<\/li>\r\n\r\n\r\n\r\n<li><strong>Capela Das Almas<\/strong> &#8211; Questa chiesa dedicata a Santa Caterina \u00e8 una dei monumenti pi\u00f9 interessanti di Porto. Le mura esterne sono<strong> ricoperte di azulejos bianche e blu <\/strong>e risalgono all&#8217;inizio del 1900.<\/li>\r\n<\/ul>\r\n\r\n\r\n\r\n<figure class=\"wp-block-image size-large\"><img loading=\"lazy\" decoding=\"async\" width=\"1024\" height=\"576\" class=\"wp-image-3565\" src=\"https:\/\/www.weroad.it\/blog\/wp-content\/uploads\/2022\/01\/serge-le-strat-WXagV_LmdA4-unsplash-1024x576.jpg\" alt=\"\" srcset=\"https:\/\/www.weroad.it\/blog\/wp-content\/uploads\/2022\/01\/serge-le-strat-WXagV_LmdA4-unsplash-1024x576.jpg 1024w, https:\/\/www.weroad.it\/blog\/wp-content\/uploads\/2022\/01\/serge-le-strat-WXagV_LmdA4-unsplash-800x450.jpg 800w, https:\/\/www.weroad.it\/blog\/wp-content\/uploads\/2022\/01\/serge-le-strat-WXagV_LmdA4-unsplash-768x432.jpg 768w, https:\/\/www.weroad.it\/blog\/wp-content\/uploads\/2022\/01\/serge-le-strat-WXagV_LmdA4-unsplash.jpg 1280w\" sizes=\"auto, (max-width: 1024px) 100vw, 1024px\" \/>\r\n<figcaption class=\"wp-element-caption\"><em>Esterno della Capela Das Almas<\/em><\/figcaption>\r\n<\/figure>\r\n\r\n\r\n\r\n<h2 class=\"wp-block-heading\"><strong>Tram storici e cantine<\/strong><\/h2>\r\n\r\n\r\n\r\n<p>Se avete la fortuna di passare a Porto qualche giorno durante la stagione calda, fatevi trasportare verso la <strong>spiaggia<\/strong>! Come? A bordo del famoso <strong>Tram 1 <\/strong>che vi porter\u00e0 verso la <strong>foce del fiume Douro <\/strong>e l&#8217;oceano. Lo storico tram \u00e8 esso stesso una delle cose da vedere (e da fare!) a Porto, dato che viaggia ancora su <strong>locomotive del XX secolo<\/strong>! Salite in fondo a Rua do Infante e scendete al capolinea, fermata Passeio Alegre. Da l\u00ec proseguite a piedi fino al <strong>faro <\/strong>e poi sul lungo mare fino al<strong> Castelo do Queijo<\/strong> (o anche Forte di San Francesco Saverio). La passeggiata dura circa 30 minuti.<\/p>\r\n\r\n\r\n\r\n<figure class=\"wp-block-image size-large\"><img loading=\"lazy\" decoding=\"async\" width=\"1024\" height=\"683\" class=\"wp-image-3566\" src=\"https:\/\/www.weroad.it\/blog\/wp-content\/uploads\/2022\/01\/eugene-zhyvchik-LPqm9-TGXuw-unsplash-1024x683.jpg\" alt=\"\" srcset=\"https:\/\/www.weroad.it\/blog\/wp-content\/uploads\/2022\/01\/eugene-zhyvchik-LPqm9-TGXuw-unsplash-1024x683.jpg 1024w, https:\/\/www.weroad.it\/blog\/wp-content\/uploads\/2022\/01\/eugene-zhyvchik-LPqm9-TGXuw-unsplash-800x533.jpg 800w, https:\/\/www.weroad.it\/blog\/wp-content\/uploads\/2022\/01\/eugene-zhyvchik-LPqm9-TGXuw-unsplash-768x512.jpg 768w, https:\/\/www.weroad.it\/blog\/wp-content\/uploads\/2022\/01\/eugene-zhyvchik-LPqm9-TGXuw-unsplash.jpg 1080w\" sizes=\"auto, (max-width: 1024px) 100vw, 1024px\" \/>\r\n<figcaption class=\"wp-element-caption\"><em>Tram storico<\/em><\/figcaption>\r\n<\/figure>\r\n\r\n\r\n\r\n<p>Un&#8217;altra passeggiata must \u00e8 quella che vi porter\u00e0 a <strong>Vila Nova de Gaia<\/strong>, che \u00e8 la cittadina nell&#8217;altra sponda del fiume. Attraversate il ponte Dom Luis I e raggiungete la<strong> Avenida de Diogo Leite<\/strong> dove una dopo l&#8217;altra troverete le<strong> principali cantine produttrici <\/strong>di Porto, il famoso vino esportato in tutto il mondo. E&#8217; possibile fare <strong>visite guidate<\/strong> o <strong>degustazioni <\/strong>che \u00e8 sempre meglio prenotare in anticipo. Per i vigneti veri e propri dovrete organizzare una gita fuori porta verso la valle del Douro (circa 2h di macchina).<\/p>\r\n\r\n\r\n\r\n<h2 class=\"wp-block-heading\">Cosa mangiare e soprattutto cosa bere a Porto<\/h2>\r\n\r\n\r\n\r\n<p>Il viaggio a Porto pu\u00f2 essere facilmente considerato un<strong> tour enogastronomico<\/strong> e molti sono i cibi tipici e della tradizione. Provare la cucina locale \u00e8 assolutamente una delle cose da fare, e i locali che vi consigliamo rientrano a pieno diritto tra le cose da vedere a Porto.<\/p>\r\n\r\n\r\n\r\n<ul class=\"wp-block-list\">\r\n<li><strong>Tripas \u00e0 moda do Porto<\/strong> &#8211; la storia racconta che quando Enrico il Navigatore chiese aiuto ai cittadini per una delle sue spedizioni, tutti vollero aiutare al punto che rimasero solo con scarti e interiora e cos\u00ec nacque questo piatto: la trippa con fagioli, verdure e spezie!<\/li>\r\n\r\n\r\n\r\n<li><strong>Past\u00e9is de bacalhau<\/strong> &#8211; Il baccal\u00e0 \u00e8 il piatto nazionale, a Porto hanno rivisitato la tradizione facendone<strong> crocchette <\/strong>dorate fuori e morbide dentro &#8211; Taberna Santo Ant\u00f3nio <em>R. das Virtudes 32<\/em><\/li>\r\n\r\n\r\n\r\n<li><strong>Francesinha <\/strong>&#8211; si tratta di un <strong>panino <\/strong>(tipo <em>Croque Monsieur<\/em> da cui prende il nome) ma all&#8217;ennesima potenza: tripla dose di formaggio, prosciutto stagionato e sugo di carne all&#8217;interno del panino. Il tutto ricoperto di altro formaggio. Dove mangiarlo? Caf\u00e9 Santiago &#8211; <em>R. de Passos Manuel 226<\/em><\/li>\r\n\r\n\r\n\r\n<li><strong>Porto <\/strong>&#8211; \u00e8 il protagonista indiscusso della citt\u00e0, a Vila Nova de Gaia potrete fare le classiche degustazioni ma in citt\u00e0 ci sono anche posti alternativi che vi faranno assaporare questo nettare accompagnandolo con la cioccolata. Provatelo alla Chocolateria Equador <em>R. de Sousa Viterbo 105<\/em><\/li>\r\n<\/ul>\r\n\r\n\r\n\r\n<figure class=\"wp-block-image size-large\"><img loading=\"lazy\" decoding=\"async\" width=\"1024\" height=\"681\" class=\"wp-image-3567\" src=\"https:\/\/www.weroad.it\/blog\/wp-content\/uploads\/2022\/01\/maksym-kaharlytskyi-3uJt73tr4hI-unsplash-1024x681.jpg\" alt=\"\" srcset=\"https:\/\/www.weroad.it\/blog\/wp-content\/uploads\/2022\/01\/maksym-kaharlytskyi-3uJt73tr4hI-unsplash-1024x681.jpg 1024w, https:\/\/www.weroad.it\/blog\/wp-content\/uploads\/2022\/01\/maksym-kaharlytskyi-3uJt73tr4hI-unsplash-800x532.jpg 800w, https:\/\/www.weroad.it\/blog\/wp-content\/uploads\/2022\/01\/maksym-kaharlytskyi-3uJt73tr4hI-unsplash-768x511.jpg 768w, https:\/\/www.weroad.it\/blog\/wp-content\/uploads\/2022\/01\/maksym-kaharlytskyi-3uJt73tr4hI-unsplash.jpg 1082w\" sizes=\"auto, (max-width: 1024px) 100vw, 1024px\" \/><\/figure>\r\n\r\n\r\n\r\n<h2 class=\"wp-block-heading\">Quando andare a Porto<\/h2>\r\n\r\n\r\n\r\n<p>Il clima di Porto \u00e8 caratterizzato da inverni miti ma piuttosto umidi ed estati non troppo afose. Vediamo nel dettaglio quando andare e perch\u00e8.<\/p>\r\n\r\n\r\n\r\n<ul class=\"wp-block-list\">\r\n<li><strong>Primavera <\/strong>&#8211; aprile, maggio e giugno sono caratterizzati da una <strong>temperatura fresca e piacevole<\/strong>. La citt\u00e0 non \u00e8 presa d&#8217;assalto dai turisti e il <strong>13-14 giugno<\/strong> ricorre la festa della citt\u00e0: le celebrazioni della<strong> Festas Santos Populares<\/strong>, in questi giorni Porto si tinge di colori vivaci e fuochi d&#8217;artificio.<\/li>\r\n\r\n\r\n\r\n<li><strong>Estate <\/strong>&#8211; grazie al suo clima oceanico luglio agosto e settembre sono<strong> mesi caldi<\/strong> ma lontani dai 40 gradi a cui siamo abituati in Italia.<\/li>\r\n\r\n\r\n\r\n<li><strong>Autunno <\/strong>&#8211; Le temperature rimangono <strong>buone <\/strong>fino a fine ottobre ma con l&#8217;autunno iniziano anche le giornate <strong>piovose<\/strong>.<\/li>\r\n\r\n\r\n\r\n<li><strong>Inverno <\/strong>&#8211; Nonostante il clima <strong>mite<\/strong>, la stagione invernale pu\u00f2 riservare giornate sorprendentemente piacevoli oppure incredibilmente bagnate!<\/li>\r\n<\/ul>\r\n\r\n\r\n\r\n<h2 class=\"wp-block-heading\">Visita Porto con noi!<\/h2>\r\n\r\n\r\n\r\n<p>Ricapitolando: splendidi palazzi, quartieri pieni di storia, spiaggie oceaniche e degustazioni di vini! Per farvi scoprire Porto, noi abbiamo preparato due tour che coprono tutte le tappe principali:<\/p>\r\n\r\n\r\n\r\n<p><a href=\"https:\/\/www.weroad.it\/viaggi\/pillole-di-portogallo\">Pillole di Portogallo<\/a> viaggio on the road di 8 giorni da Lisbona a Porto con tanti interessanti stop lungo la strada!<\/p>\r\n\r\n\r\n\r\n<p><a href=\"https:\/\/www.weroad.it\/viaggi\/viaggio-portogallo-tour-5-giorni\">Portogallo Express<\/a> 5 giorni alla scoperta delle 2 pi\u00f9 importanti citt\u00e0 del Portogallo: Lisbona e Porto!<\/p>\r\n\r\n\r\n\r\n<h2 id=\"h-mappa-dei-migliori-luoghi-da-vedere-a-porto\" class=\"wp-block-heading\">Mappa dei migliori luoghi da vedere a Porto<\/h2>\r\n\r\n\r\n\r\n<p><iframe loading=\"lazy\" src=\"https:\/\/www.google.com\/maps\/d\/embed?mid=1Pn_5RAiMnLZz-tkNXDFLhL8vyTsHmo8&amp;ehbc=2E312F&amp;noprof=1\" width=\"640\" height=\"480\"><\/iframe><\/p>\r\n","protected":false},"excerpt":{"rendered":"<p>Porto \u00e8 una splendida citt\u00e0 del nord del Portogallo che nasce lungo le sponde del fiume Douro, qualche km prima che si getti sull&#8217;oceano Atlantico. Con i suoi saliscendi, il fascino barocco un po&#8217; decadente, le azulejos e i vini pregiati \u00e8 una delle mete pi\u00f9 gettonate del paese. Viste le sue contenute dimensioni \u00e8 [&hellip;]<\/p>\n","protected":false},"author":32,"featured_media":3562,"comment_status":"open","ping_status":"open","sticky":false,"template":"","format":"standard","meta":{"_acf_changed":false,"footnotes":""},"categories":[17],"mete":[305,320],"class_list":["post-3560","post","type-post","status-publish","format-standard","has-post-thumbnail","hentry","category-cosa-vedere","tag-portogallo","mete-europa","mete-portogallo"],"acf":[],"yoast_head":"<!-- This site is optimized with the Yoast SEO Premium plugin v25.3.1 (Yoast SEO v26.8) - https:\/\/yoast.com\/product\/yoast-seo-premium-wordpress\/ -->\n<title>Cosa vedere a Porto, la capital do norte! | WeRoad<\/title>\n<meta name=\"description\" content=\"Le degustazioni di vino, le spendide azulejos, le spiagge sull&#039;oceano: vieni con noi a scoprire le meraviglie di Porto!\" \/>\n<meta name=\"robots\" content=\"index, follow, max-snippet:-1, max-image-preview:large, max-video-preview:-1\" \/>\n<link rel=\"canonical\" href=\"https:\/\/www.weroad.it\/blog\/cosa-vedere-a-porto\" \/>\n<meta property=\"og:locale\" content=\"it_IT\" \/>\n<meta property=\"og:type\" content=\"article\" \/>\n<meta property=\"og:title\" content=\"Cosa vedere a Porto, la capital do norte!\" \/>\n<meta property=\"og:description\" content=\"Le degustazioni di vino, le spendide azulejos, le spiagge sull&#039;oceano: vieni con noi a scoprire le meraviglie di Porto!\" \/>\n<meta property=\"og:url\" content=\"https:\/\/www.weroad.it\/blog\/cosa-vedere-a-porto\" \/>\n<meta property=\"og:site_name\" content=\"Stories\" \/>\n<meta property=\"article:publisher\" content=\"https:\/\/www.facebook.com\/WeRoad\/\" \/>\n<meta property=\"article:published_time\" content=\"2022-01-31T10:24:37+00:00\" \/>\n<meta property=\"og:image\" content=\"https:\/\/www.weroad.it\/blog\/wp-content\/uploads\/2022\/01\/everaldo-coelho-qYdUUZVWiVY-unsplash.jpg\" \/>\n\t<meta property=\"og:image:width\" content=\"1280\" \/>\n\t<meta property=\"og:image:height\" content=\"720\" \/>\n\t<meta property=\"og:image:type\" content=\"image\/jpeg\" \/>\n<meta name=\"author\" content=\"Chiara Rapetti\" \/>\n<meta name=\"twitter:card\" content=\"summary_large_image\" \/>\n<meta name=\"twitter:creator\" content=\"@chiararapetti\" \/>\n<meta name=\"twitter:label1\" content=\"Scritto da\" \/>\n\t<meta name=\"twitter:data1\" content=\"Chiara Rapetti\" \/>\n\t<meta name=\"twitter:label2\" content=\"Tempo di lettura stimato\" \/>\n\t<meta name=\"twitter:data2\" content=\"10 minuti\" \/>\n<script type=\"application\/ld+json\" class=\"yoast-schema-graph\">{\"@context\":\"https:\/\/schema.org\",\"@graph\":[{\"@type\":\"Article\",\"@id\":\"https:\/\/www.weroad.it\/blog\/cosa-vedere-a-porto#article\",\"isPartOf\":{\"@id\":\"https:\/\/www.weroad.it\/blog\/cosa-vedere-a-porto\"},\"author\":{\"name\":\"Chiara Rapetti\",\"@id\":\"https:\/\/www.weroad.it\/blog\/#\/schema\/person\/e9b64c040b80608ac46173cbcc1902b6\"},\"headline\":\"Cosa vedere a Porto, la capital do norte!\",\"datePublished\":\"2022-01-31T10:24:37+00:00\",\"mainEntityOfPage\":{\"@id\":\"https:\/\/www.weroad.it\/blog\/cosa-vedere-a-porto\"},\"wordCount\":1661,\"commentCount\":0,\"image\":{\"@id\":\"https:\/\/www.weroad.it\/blog\/cosa-vedere-a-porto#primaryimage\"},\"thumbnailUrl\":\"https:\/\/www.weroad.it\/blog\/wp-content\/uploads\/2022\/01\/everaldo-coelho-qYdUUZVWiVY-unsplash.jpg\",\"keywords\":[\"Portogallo\"],\"articleSection\":[\"Cosa Vedere\"],\"inLanguage\":\"it-IT\",\"potentialAction\":[{\"@type\":\"CommentAction\",\"name\":\"Comment\",\"target\":[\"https:\/\/www.weroad.it\/blog\/cosa-vedere-a-porto#respond\"]}]},{\"@type\":\"WebPage\",\"@id\":\"https:\/\/www.weroad.it\/blog\/cosa-vedere-a-porto\",\"url\":\"https:\/\/www.weroad.it\/blog\/cosa-vedere-a-porto\",\"name\":\"Cosa vedere a Porto, la capital do norte! | WeRoad\",\"isPartOf\":{\"@id\":\"https:\/\/www.weroad.it\/blog\/#website\"},\"primaryImageOfPage\":{\"@id\":\"https:\/\/www.weroad.it\/blog\/cosa-vedere-a-porto#primaryimage\"},\"image\":{\"@id\":\"https:\/\/www.weroad.it\/blog\/cosa-vedere-a-porto#primaryimage\"},\"thumbnailUrl\":\"https:\/\/www.weroad.it\/blog\/wp-content\/uploads\/2022\/01\/everaldo-coelho-qYdUUZVWiVY-unsplash.jpg\",\"datePublished\":\"2022-01-31T10:24:37+00:00\",\"author\":{\"@id\":\"https:\/\/www.weroad.it\/blog\/#\/schema\/person\/e9b64c040b80608ac46173cbcc1902b6\"},\"description\":\"Le degustazioni di vino, le spendide azulejos, le spiagge sull'oceano: vieni con noi a scoprire le meraviglie di Porto!\",\"breadcrumb\":{\"@id\":\"https:\/\/www.weroad.it\/blog\/cosa-vedere-a-porto#breadcrumb\"},\"inLanguage\":\"it-IT\",\"potentialAction\":[{\"@type\":\"ReadAction\",\"target\":[\"https:\/\/www.weroad.it\/blog\/cosa-vedere-a-porto\"]}]},{\"@type\":\"ImageObject\",\"inLanguage\":\"it-IT\",\"@id\":\"https:\/\/www.weroad.it\/blog\/cosa-vedere-a-porto#primaryimage\",\"url\":\"https:\/\/www.weroad.it\/blog\/wp-content\/uploads\/2022\/01\/everaldo-coelho-qYdUUZVWiVY-unsplash.jpg\",\"contentUrl\":\"https:\/\/www.weroad.it\/blog\/wp-content\/uploads\/2022\/01\/everaldo-coelho-qYdUUZVWiVY-unsplash.jpg\",\"width\":1280,\"height\":720},{\"@type\":\"BreadcrumbList\",\"@id\":\"https:\/\/www.weroad.it\/blog\/cosa-vedere-a-porto#breadcrumb\",\"itemListElement\":[{\"@type\":\"ListItem\",\"position\":1,\"name\":\"Home\",\"item\":\"https:\/\/www.weroad.it\/blog\/\"},{\"@type\":\"ListItem\",\"position\":2,\"name\":\"Cosa vedere a Porto, la capital do norte!\"}]},{\"@type\":\"WebSite\",\"@id\":\"https:\/\/www.weroad.it\/blog\/#website\",\"url\":\"https:\/\/www.weroad.it\/blog\/\",\"name\":\"Stories\",\"description\":\"A blog by WeRoad\",\"potentialAction\":[{\"@type\":\"SearchAction\",\"target\":{\"@type\":\"EntryPoint\",\"urlTemplate\":\"https:\/\/www.weroad.it\/blog\/?s={search_term_string}\"},\"query-input\":{\"@type\":\"PropertyValueSpecification\",\"valueRequired\":true,\"valueName\":\"search_term_string\"}}],\"inLanguage\":\"it-IT\"},{\"@type\":\"Person\",\"@id\":\"https:\/\/www.weroad.it\/blog\/#\/schema\/person\/e9b64c040b80608ac46173cbcc1902b6\",\"name\":\"Chiara Rapetti\",\"sameAs\":[\"https:\/\/www.instagram.com\/chiararagram\/\",\"https:\/\/x.com\/chiararapetti\"]}]}<\/script>\n<!-- \/ Yoast SEO Premium plugin. -->","yoast_head_json":{"title":"Cosa vedere a Porto, la capital do norte! | WeRoad","description":"Le degustazioni di vino, le spendide azulejos, le spiagge sull'oceano: vieni con noi a scoprire le meraviglie di Porto!","robots":{"index":"index","follow":"follow","max-snippet":"max-snippet:-1","max-image-preview":"max-image-preview:large","max-video-preview":"max-video-preview:-1"},"canonical":"https:\/\/www.weroad.it\/blog\/cosa-vedere-a-porto","og_locale":"it_IT","og_type":"article","og_title":"Cosa vedere a Porto, la capital do norte!","og_description":"Le degustazioni di vino, le spendide azulejos, le spiagge sull'oceano: vieni con noi a scoprire le meraviglie di Porto!","og_url":"https:\/\/www.weroad.it\/blog\/cosa-vedere-a-porto","og_site_name":"Stories","article_publisher":"https:\/\/www.facebook.com\/WeRoad\/","article_published_time":"2022-01-31T10:24:37+00:00","og_image":[{"width":1280,"height":720,"url":"https:\/\/www.weroad.it\/blog\/wp-content\/uploads\/2022\/01\/everaldo-coelho-qYdUUZVWiVY-unsplash.jpg","type":"image\/jpeg"}],"author":"Chiara Rapetti","twitter_card":"summary_large_image","twitter_creator":"@chiararapetti","twitter_misc":{"Scritto da":"Chiara Rapetti","Tempo di lettura stimato":"10 minuti"},"schema":{"@context":"https:\/\/schema.org","@graph":[{"@type":"Article","@id":"https:\/\/www.weroad.it\/blog\/cosa-vedere-a-porto#article","isPartOf":{"@id":"https:\/\/www.weroad.it\/blog\/cosa-vedere-a-porto"},"author":{"name":"Chiara Rapetti","@id":"https:\/\/www.weroad.it\/blog\/#\/schema\/person\/e9b64c040b80608ac46173cbcc1902b6"},"headline":"Cosa vedere a Porto, la capital do norte!","datePublished":"2022-01-31T10:24:37+00:00","mainEntityOfPage":{"@id":"https:\/\/www.weroad.it\/blog\/cosa-vedere-a-porto"},"wordCount":1661,"commentCount":0,"image":{"@id":"https:\/\/www.weroad.it\/blog\/cosa-vedere-a-porto#primaryimage"},"thumbnailUrl":"https:\/\/www.weroad.it\/blog\/wp-content\/uploads\/2022\/01\/everaldo-coelho-qYdUUZVWiVY-unsplash.jpg","keywords":["Portogallo"],"articleSection":["Cosa Vedere"],"inLanguage":"it-IT","potentialAction":[{"@type":"CommentAction","name":"Comment","target":["https:\/\/www.weroad.it\/blog\/cosa-vedere-a-porto#respond"]}]},{"@type":"WebPage","@id":"https:\/\/www.weroad.it\/blog\/cosa-vedere-a-porto","url":"https:\/\/www.weroad.it\/blog\/cosa-vedere-a-porto","name":"Cosa vedere a Porto, la capital do norte! | WeRoad","isPartOf":{"@id":"https:\/\/www.weroad.it\/blog\/#website"},"primaryImageOfPage":{"@id":"https:\/\/www.weroad.it\/blog\/cosa-vedere-a-porto#primaryimage"},"image":{"@id":"https:\/\/www.weroad.it\/blog\/cosa-vedere-a-porto#primaryimage"},"thumbnailUrl":"https:\/\/www.weroad.it\/blog\/wp-content\/uploads\/2022\/01\/everaldo-coelho-qYdUUZVWiVY-unsplash.jpg","datePublished":"2022-01-31T10:24:37+00:00","author":{"@id":"https:\/\/www.weroad.it\/blog\/#\/schema\/person\/e9b64c040b80608ac46173cbcc1902b6"},"description":"Le degustazioni di vino, le spendide azulejos, le spiagge sull'oceano: vieni con noi a scoprire le meraviglie di Porto!","breadcrumb":{"@id":"https:\/\/www.weroad.it\/blog\/cosa-vedere-a-porto#breadcrumb"},"inLanguage":"it-IT","potentialAction":[{"@type":"ReadAction","target":["https:\/\/www.weroad.it\/blog\/cosa-vedere-a-porto"]}]},{"@type":"ImageObject","inLanguage":"it-IT","@id":"https:\/\/www.weroad.it\/blog\/cosa-vedere-a-porto#primaryimage","url":"https:\/\/www.weroad.it\/blog\/wp-content\/uploads\/2022\/01\/everaldo-coelho-qYdUUZVWiVY-unsplash.jpg","contentUrl":"https:\/\/www.weroad.it\/blog\/wp-content\/uploads\/2022\/01\/everaldo-coelho-qYdUUZVWiVY-unsplash.jpg","width":1280,"height":720},{"@type":"BreadcrumbList","@id":"https:\/\/www.weroad.it\/blog\/cosa-vedere-a-porto#breadcrumb","itemListElement":[{"@type":"ListItem","position":1,"name":"Home","item":"https:\/\/www.weroad.it\/blog\/"},{"@type":"ListItem","position":2,"name":"Cosa vedere a Porto, la capital do norte!"}]},{"@type":"WebSite","@id":"https:\/\/www.weroad.it\/blog\/#website","url":"https:\/\/www.weroad.it\/blog\/","name":"Stories","description":"A blog by WeRoad","potentialAction":[{"@type":"SearchAction","target":{"@type":"EntryPoint","urlTemplate":"https:\/\/www.weroad.it\/blog\/?s={search_term_string}"},"query-input":{"@type":"PropertyValueSpecification","valueRequired":true,"valueName":"search_term_string"}}],"inLanguage":"it-IT"},{"@type":"Person","@id":"https:\/\/www.weroad.it\/blog\/#\/schema\/person\/e9b64c040b80608ac46173cbcc1902b6","name":"Chiara Rapetti","sameAs":["https:\/\/www.instagram.com\/chiararagram\/","https:\/\/x.com\/chiararapetti"]}]}},"_links":{"self":[{"href":"https:\/\/www.weroad.it\/blog\/wp-json\/wp\/v2\/posts\/3560","targetHints":{"allow":["GET"]}}],"collection":[{"href":"https:\/\/www.weroad.it\/blog\/wp-json\/wp\/v2\/posts"}],"about":[{"href":"https:\/\/www.weroad.it\/blog\/wp-json\/wp\/v2\/types\/post"}],"author":[{"embeddable":true,"href":"https:\/\/www.weroad.it\/blog\/wp-json\/wp\/v2\/users\/32"}],"replies":[{"embeddable":true,"href":"https:\/\/www.weroad.it\/blog\/wp-json\/wp\/v2\/comments?post=3560"}],"version-history":[{"count":25,"href":"https:\/\/www.weroad.it\/blog\/wp-json\/wp\/v2\/posts\/3560\/revisions"}],"predecessor-version":[{"id":16132,"href":"https:\/\/www.weroad.it\/blog\/wp-json\/wp\/v2\/posts\/3560\/revisions\/16132"}],"wp:featuredmedia":[{"embeddable":true,"href":"https:\/\/www.weroad.it\/blog\/wp-json\/wp\/v2\/media\/3562"}],"wp:attachment":[{"href":"https:\/\/www.weroad.it\/blog\/wp-json\/wp\/v2\/media?parent=3560"}],"wp:term":[{"taxonomy":"category","embeddable":true,"href":"https:\/\/www.weroad.it\/blog\/wp-json\/wp\/v2\/categories?post=3560"},{"taxonomy":"mete","embeddable":true,"href":"https:\/\/www.weroad.it\/blog\/wp-json\/wp\/v2\/mete?post=3560"}],"curies":[{"name":"wp","href":"https:\/\/api.w.org\/{rel}","templated":true}]}}