{"id":2911,"date":"2021-11-26T11:39:07","date_gmt":"2021-11-26T10:39:07","guid":{"rendered":"https:\/\/www.weroad.it\/blog\/?p=2911"},"modified":"2026-03-30T09:35:16","modified_gmt":"2026-03-30T07:35:16","slug":"aurora-boreale-cos-e-perche-accade","status":"publish","type":"post","link":"https:\/\/www.weroad.it\/blog\/aurora-boreale-cos-e-perche-accade","title":{"rendered":"Cos&#8217;\u00e8 l&#8217;Aurora Boreale e come si forma?"},"content":{"rendered":"\r\n<p>Ci affascina da sempre, quando la vediamo in televisione, durante un documentario, o su Youtube, ci fa venire voglia di partire per il grande Nord, ma\u2026 cos\u2019\u00e8 l\u2019aurora boreale e perch\u00e9 si forma?!<br \/>Partiamo dall\u2019inizio e andiamo con ordine, perch\u00e9 qui rischio di asciugarvi. Iniziamo col dire che in Italia la conosciamo come aurora boreale o borealis, in inglese sarebbe Northern Lights, ma in realt\u00e0 le aurore <strong>si verificano anche al Polo Sud<\/strong> dove prendono il nome di aurore australi. Ess\u00ec, perch\u00e9 il fenomeno non \u00e8 esclusivo delle latitudini a Nord dell\u2019equatore, anzi, i due protagonisti che concorrono alla sua incredibile creazione non sono n\u00e9 a Nord n\u00e9 a Sud, ma sopra la nostra testa: <strong>si tratta del Sole e dell\u2019atmosfera<\/strong> (feat. campo magnetico terrestre), da me quotidianamente lodati per \u2018sto spettacolo.<\/p>\r\n\r\n\r\n\r\n<h2 id=\"h-cos-e-l-aurora-boreale-come-si-forma-e-perche\" class=\"wp-block-heading\">Cos&#8217;\u00e8 l&#8217;aurora boreale, come si forma e perch\u00e9<\/h2>\r\n\r\n\r\n\r\n<p>Ok, quindi, una volta snocciolate le prime info per scaldarci, cerchiamo di entrare nel vivo: come e perch\u00e9 si formano? Si tratta di un <strong>effetto luminoso dovuto all\u2019interazione del vento solare<\/strong> (sostanzialmente il flusso di energia che il Sole ci spara contro) <strong>con la ionosfera<\/strong>, una delle parti pi\u00f9 alte della nostra atmosfera terrestre.<\/p>\r\n\r\n\r\n\r\n<p>In pratica il <strong>Sole bombarda l\u2019atmosfera di protoni ed elettroni carichi<\/strong>, ed essa si \u201cagita\u201d, caricandosi a sua volta di carica elettrica ed emettendola sottoforma di luce. \u2018Na lampadina gigante wireless praticamente. Pi\u00f9 energia viene rivolta verso il nostro pianeta, pi\u00f9 le aurore che vedremo saranno intense, colorate e diffuse. Semplice dopotutto, no?<\/p>\r\n\r\n\r\n\r\n<p>Il <strong>campo magnetico terrestre invece \u201clega\u201d tutto sto pop\u00f2 di energia<\/strong> lungo delle linee precise, ai poli del nostro pianeta, ma non scendo in dettagli su questo, altrimenti vi ritrovo cos\u00ec:<\/p>\r\n\r\n\r\n\r\n<figure class=\"wp-block-image size-large\"><img loading=\"lazy\" decoding=\"async\" width=\"1024\" height=\"576\" class=\"wp-image-2934\" src=\"https:\/\/www.weroad.it\/blog\/wp-content\/uploads\/2021\/11\/meme-indiana-jones-1024x576.jpg\" alt=\"Fotomontaggio da Indiana Jones e l'ultima crociata.\" srcset=\"https:\/\/www.weroad.it\/blog\/wp-content\/uploads\/2021\/11\/meme-indiana-jones-1024x576.jpg 1024w, https:\/\/www.weroad.it\/blog\/wp-content\/uploads\/2021\/11\/meme-indiana-jones-800x450.jpg 800w, https:\/\/www.weroad.it\/blog\/wp-content\/uploads\/2021\/11\/meme-indiana-jones-768x432.jpg 768w, https:\/\/www.weroad.it\/blog\/wp-content\/uploads\/2021\/11\/meme-indiana-jones.jpg 1280w\" sizes=\"auto, (max-width: 1024px) 100vw, 1024px\" \/><\/figure>\r\n\r\n\r\n\r\n<p>Quindi dipende un po\u2019 da quanto il nostro Sole ha deciso di abbrustolirci. La misura della grigliata si fa in <strong>kilopascal<\/strong> (kp), cio\u00e8 la pressione del vento solare sull\u2019atmosfera. Per darvi un\u2019idea:<\/p>\r\n\r\n\r\n\r\n<figure class=\"wp-block-image size-large\"><img loading=\"lazy\" decoding=\"async\" width=\"1024\" height=\"1024\" class=\"wp-image-2968\" src=\"https:\/\/www.weroad.it\/blog\/wp-content\/uploads\/2021\/11\/mappa-kilopascal-aurora-boreale-1-1024x1024.png\" alt=\"Illustrazione che mostra la pressione del vento solare in KiloPascal per vedere l'aurora boreale a seconda della latitudine. Per poter vedere l'aurora boreale in Italia serve una pressione di circa 10KP.\" srcset=\"https:\/\/www.weroad.it\/blog\/wp-content\/uploads\/2021\/11\/mappa-kilopascal-aurora-boreale-1-1024x1024.png 1024w, https:\/\/www.weroad.it\/blog\/wp-content\/uploads\/2021\/11\/mappa-kilopascal-aurora-boreale-1-800x800.png 800w, https:\/\/www.weroad.it\/blog\/wp-content\/uploads\/2021\/11\/mappa-kilopascal-aurora-boreale-1-300x300.png 300w, https:\/\/www.weroad.it\/blog\/wp-content\/uploads\/2021\/11\/mappa-kilopascal-aurora-boreale-1-768x768.png 768w, https:\/\/www.weroad.it\/blog\/wp-content\/uploads\/2021\/11\/mappa-kilopascal-aurora-boreale-1.png 1080w\" sizes=\"auto, (max-width: 1024px) 100vw, 1024px\" \/>\r\n<figcaption class=\"wp-element-caption\">Mappa che illustra la pressione in kilopascal utile a vedere un aurora alle varie latitudini<\/figcaption>\r\n<\/figure>\r\n\r\n\r\n\r\n<p>Ora, se siete arrivati qui, guardando questa immagine, starete pensando \u201cquindi se arriviamo tipo a KP10\u2026\u201d e s\u00ec, la risposta \u00e8 che <strong>vedremmo l\u2019aurora anche alle nostre latitudini<\/strong>, ma in quel caso avremmo ben altro di cui preoccuparci! Una tale pressione solare sulla nostra atmosfera vorrebbe dire trasmissioni radio interrotte in buona parte del pianeta e disagi forti a qualsiasi componente elettronico. Non bellissimo visto il nostro attaccamento a questi simpatici oggettucci da cui io scrivo e voi mi leggete\u2026<\/p>\r\n\r\n\r\n\r\n<h2 id=\"h-storia-delle-osservazioni-dell-aurora-boreale\" class=\"wp-block-heading\">Storia delle osservazioni dell&#8217;aurora boreale<\/h2>\r\n\r\n\r\n\r\n<p>In passato per\u00f2 ci sono stati <strong>eventi di questa portata. L\u2019ultimo \u00e8 stato nel 1859<\/strong>, e fu talmente forte da farci venire il dubbio che quello che si vedeva nel cielo della Norvegia del Nord non fosse il riflesso del Sole (si, credevamo questo all\u2019epoca, non sveglissimi), ma forse qualcosa di diverso\u2026<\/p>\r\n\r\n\r\n\r\n<p>Fu <strong>Carrington<\/strong>, un simpatico astronomo inglese, che inizio a dare una risposta pi\u00f9 precisa a cos&#8217;\u00e8 l&#8217;aurora boreale. Il giovane Richard Carrington, nell&#8217;estate del 1859, rimase alquanto basito da quel che vedeva in cielo, fece due pi\u00f9 due, e cap\u00ec che la causa erano quelle enormi <strong>macchie a forma di fagiolo<\/strong> che aveva notato qualche giorno prima formarsi e iniziare a brillare fortissimo <strong>sul Sole<\/strong>. Sono proprio le macchie solari infatti a produrre i brillamenti, grandi esplosioni sulla superfice del sole che proiettano sulla Terra il vento solare. Tanto vento solare.<\/p>\r\n\r\n\r\n\r\n<p><strong>In quell\u2019anno le aurore non si videro solo dall\u2019Italia<\/strong>, ma anche da <strong>Cuba, Giamaica e Hawaii!<\/strong> Tu pensa fare il bagno di mezzanotte nel Mar dei Caraibi, con una birra in mano, mentre sopra di te c\u2019\u00e8 l\u2019aurora boreale\u2026<br \/>Dopo quell\u2019evento di proporzioni spropositate, che disturb\u00f2 le linee telegrafiche un po\u2019 ovunque, successe qualcosa di vagamente simile nel <strong>1960<\/strong>, e part\u00ec la radio praticamente in tutto il pianeta.<br \/>Poco prima dell&#8217;evento del 1859 invece, nel <strong>1848<\/strong>, l&#8217;aurora fu <strong>visibile addirittura da Napoli!<\/strong> Per fortuna venne immortalata in un dipinto, lo trovi di seguito.<\/p>\r\n\r\n\r\n\r\n<figure class=\"wp-block-image size-large\"><img loading=\"lazy\" decoding=\"async\" width=\"1024\" height=\"639\" class=\"wp-image-2938\" src=\"https:\/\/www.weroad.it\/blog\/wp-content\/uploads\/2021\/11\/dipinto-aurora-boreale-1024x639.jpg\" alt=\"Aurora Boreale a Napoli nel dipinto di Salvatore Fergola del 1848.\" srcset=\"https:\/\/www.weroad.it\/blog\/wp-content\/uploads\/2021\/11\/dipinto-aurora-boreale-1024x639.jpg 1024w, https:\/\/www.weroad.it\/blog\/wp-content\/uploads\/2021\/11\/dipinto-aurora-boreale-800x499.jpg 800w, https:\/\/www.weroad.it\/blog\/wp-content\/uploads\/2021\/11\/dipinto-aurora-boreale-768x479.jpg 768w, https:\/\/www.weroad.it\/blog\/wp-content\/uploads\/2021\/11\/dipinto-aurora-boreale-1536x958.jpg 1536w, https:\/\/www.weroad.it\/blog\/wp-content\/uploads\/2021\/11\/dipinto-aurora-boreale-1731x1080.jpg 1731w, https:\/\/www.weroad.it\/blog\/wp-content\/uploads\/2021\/11\/dipinto-aurora-boreale.jpg 1980w\" sizes=\"auto, (max-width: 1024px) 100vw, 1024px\" \/>\r\n<figcaption class=\"wp-element-caption\">&#8220;il 17 ottobre 1848 dall\u2019Osservatorio Reale di Capodimonte&#8221;, dipinto ad olio di Salvatore Fergola, 1848, che ci regala una fotografia dell&#8217;Aurora Boreale che fu visibile da Napoli nel 1848.<\/figcaption>\r\n<\/figure>\r\n\r\n\r\n\r\n<h2 id=\"h-i-colori-dell-aurora-boreale\" class=\"wp-block-heading\">I colori dell&#8217;aurora boreale<\/h2>\r\n\r\n\r\n\r\n<p>Ora che sappiamo cos&#8217;\u00e8 l&#8217;aurora boreale e come si forma, passiamo alle questioni per esperti: Da cosa dipendono i colori dell&#8217;aurora boreale?<\/p>\r\n\r\n\r\n\r\n<p><strong>Verdi, rosse, ma anche blu e viola<\/strong>. Le aurore possono assumere diversi colori, a seconda della quantit\u00e0 di energia e della tipologia di atomi colpiti. All&#8217;interno della nostra atmosfera ci possono essere diverse concentrazioni di gas, soprattutto ossigeno e azoto, e questo cambia principalmente a seconda dell&#8217;altitudine.<\/p>\r\n\r\n\r\n\r\n<p>Se siamo molto fortunati, potremo vedere un&#8217;aurora <strong>rossa<\/strong>. Ci\u00f2 vuol dire che le luci si sono sviluppate ad altitudini superiori ai 250km sopra la nostra testa. Quando invece restiamo al di sotto di questa distanza, quindi tra i 100 e i 250km, il colore che si svilupper\u00e0 sar\u00e0 il classico <strong>verde<\/strong>. Questo \u00e8 il colore pi\u00f9 comune per le aurore boreali.<\/p>\r\n\r\n\r\n\r\n<p>Al di sotto di questo limite, le aurore prendono un colore <strong>viola <\/strong>o<strong> bluastro<\/strong>. Questi colori per\u00f2 sono pi\u00f9 difficilmente distinguibili su di un cielo scuro, e spesso si notano meglio in foto che dal vivo.<\/p>\r\n\r\n\r\n\r\n<h2 id=\"h-le-forme-dell-aurora-boreale\" class=\"wp-block-heading\">Le forme dell&#8217;aurora boreale<\/h2>\r\n\r\n\r\n\r\n<p>Dopo aver capito cos&#8217;\u00e8 un aurora boreale e che colori pu\u00f2 avere, non ci resta che capire quali sono le forme che pu\u00f2 prendere. Un arco? Una corona sopra le nostre teste? O forse un drappo magico che ci danza intorno? Ci possono essere sostanzialmente 4 tipi di forme nel mondo delle aurore:<\/p>\r\n\r\n\r\n\r\n<ul class=\"wp-block-list\">\r\n<li><strong>Aurora ad arco: <\/strong>Si tratta di aurore che possono essere sia immobili che pulsare. A volte vengono notate poco sopra l&#8217;orizzonte, altre volte ci possono essere nastri pi\u00f9 o meno sottili che possono anche arrotolarsi e arricciarsi nel cielo!<\/li>\r\n\r\n\r\n\r\n<li><strong>Aurore a corona: <\/strong>Immaginatevi una doccia di luce, che ad archi divergenti si diffonde sopra di voi, pulsando e danzando, senza mai raggiungere il centro.<\/li>\r\n\r\n\r\n\r\n<li><strong>Aurore a drappo o tenda: <\/strong>Forse le mie preferite, anzi, sicuramente le mie preferite! E sono anche le pi\u00f9 comuni. Possiamo figurarcela come una tenda che fluttua nel vento. Se vi capita, il mio consiglio \u00e8 di fare due passi in una zona in cui potete ammirarla stando in silenzio, tranquillamente, felici di essere al mondo.<\/li>\r\n\r\n\r\n\r\n<li><strong>Aurore diffuse:<\/strong> Sono le pi\u00f9 rare in assoluto, io non le ho mai viste, dovrebbe trattarsi di una luminescenza senza confini ben definiti, difficile da cogliere ad occhio nudo.<\/li>\r\n<\/ul>\r\n\r\n\r\n\r\n<figure class=\"wp-block-embed is-type-video is-provider-youtube wp-block-embed-youtube wp-embed-aspect-16-9 wp-has-aspect-ratio\">\r\n<div class=\"wp-block-embed__wrapper\">https:\/\/www.youtube.com\/watch?v=eN9ldIawrtw<\/div>\r\n<figcaption class=\"wp-element-caption\"><em>Per convincerti che ne sappiamo a pacchi sull&#8217;aurora, abbiamo anche montato un breve video<\/em> <em>con i principali suggerimenti<\/em><\/figcaption>\r\n<\/figure>\r\n\r\n\r\n\r\n<p>Se ti \u00e8 venuta voglia di andare a vederla, oltre al video sopra, qui trovi un <a href=\"https:\/\/www.weroad.it\/blog\/aurora-boreale-quando-andare-dove-e-come-vederla\/\" target=\"_blank\" rel=\"noreferrer noopener\">fantastico articolo su dove vedere l&#8217;aurora boreale<\/a>!<\/p>\r\n\r\n\r\n\r\n<h2 id=\"h-leggende-norrene-lapponi-e-di-altri-popoli\" class=\"wp-block-heading\">Leggende Norrene, lapponi e di altri popoli<\/h2>\r\n\r\n\r\n\r\n<p>Senti questa: le popolazioni indigene della penisola del Labrador credevano che le aurore boreali fossero <strong>luci accese dai defunti durante una partita a palla fatta con il cranio di un tricheco<\/strong>. Giuro.<\/p>\r\n\r\n\r\n\r\n<p>Non sei quindi il primo essere umano a chiedersi &#8220;ma cos&#8217;\u00e8 l&#8217;aurora boreale?!&#8221;. Anche altri popoli si erano fatti strane idee sull\u2019inspiegabile fenomeno. In generale, lo si legava alle anime dei defunti fossero essi bambini o anziani delle trib\u00f9. I Lapponi ad esempio (in quella regione abbiamo un viaggio fichissimo, te lo linko sotto), pensavano che fossero <strong>le anime dei trapassati in rotta verso l\u2019aldil\u00e0<\/strong>. Poetici. Nei momenti in cui le luci erano alte nel cielo, bisognava rispettare i defunti rimanendo seri, gravi, bambini compresi.<\/p>\r\n\r\n\r\n\r\n<p>Nei nostri viaggi non \u00e8 esattamente cos\u00ec, ma vi assicuro che la vista di questo spettacolo lascia davvero tutti a bocca aperta.<br \/>Il folklore norvegese invece ci suggerisce che le luci siano gli spiriti delle vecchie sagge della trib\u00f9, mentre nell\u2019antica Cina si riteneva fosse <strong>il respiro infuocato di un drago<\/strong>.<\/p>\r\n\r\n\r\n\r\n<h2 id=\"h-ora-che-sai-cos-e-un-aurora-boreale-vieni-ad-ammirarla-con-noi\" class=\"wp-block-heading\">Ora che sai cos&#8217;\u00e8 un&#8217;aurora boreale, vieni ad ammirarla con noi<\/h2>\r\n\r\n\r\n\r\n<ul class=\"wp-block-list\">\r\n<li><a href=\"https:\/\/www.weroad.it\/viaggi\/viaggio-norvegia-tour-7-giorni\">Norvegia<\/a> &#8211; Safari a caccia dell&#8217;aurora nella nazione pi\u00f9 pittoresca<\/li>\r\n\r\n\r\n\r\n<li><a href=\"https:\/\/www.weroad.it\/viaggi\/viaggio-lapponia-tour-8-giorni\">Lapponia Finlandese<\/a> (e oltre) &#8211; A caccia dell&#8217;aurora nella regione simbolo del grande Nord<\/li>\r\n\r\n\r\n\r\n<li><a href=\"https:\/\/www.weroad.it\/viaggi\/viaggio-in-islanda-aurora-boreale\">Islanda<\/a> &#8211; Natura selvaggia e aurore boreali a volont\u00e0<\/li>\r\n\r\n\r\n\r\n<li><a href=\"https:\/\/www.weroad.it\/viaggi\/viaggio-svezia-aurora-tour-7-giorni\">Lapponia Svedese<\/a> &#8211; Abisko e Kiruna, due dei posti dove \u00e8 pi\u00f9 facile vedere l&#8217;aurora boreale<\/li>\r\n\r\n\r\n\r\n<li><a href=\"https:\/\/www.weroad.it\/viaggi\/viaggio-islanda-express\">Islanda Express<\/a> &#8211; Una full immersion nello spazio di un weekend lungo<\/li>\r\n<\/ul>\r\n\r\n\r\n\r\n<p>&nbsp;<\/p>\r\n","protected":false},"excerpt":{"rendered":"<p>Ci affascina da sempre, quando la vediamo in televisione, durante un documentario, o su Youtube, ci fa venire voglia di partire per il grande Nord, ma\u2026 cos\u2019\u00e8 l\u2019aurora boreale e perch\u00e9 si forma?!Partiamo dall\u2019inizio e andiamo con ordine, perch\u00e9 qui rischio di asciugarvi. Iniziamo col dire che in Italia la conosciamo come aurora boreale o [&hellip;]<\/p>\n","protected":false},"author":23,"featured_media":2956,"comment_status":"open","ping_status":"open","sticky":false,"template":"","format":"standard","meta":{"_acf_changed":false,"footnotes":""},"categories":[235],"mete":[305,318],"class_list":["post-2911","post","type-post","status-publish","format-standard","has-post-thumbnail","hentry","category-info-viaggi","tag-norvegia","mete-europa","mete-norvegia"],"acf":[],"yoast_head":"<!-- This site is optimized with the Yoast SEO Premium plugin v25.3.1 (Yoast SEO v26.8) - https:\/\/yoast.com\/product\/yoast-seo-premium-wordpress\/ -->\n<title>Cos&#039;\u00e8 l&#039;Aurora Boreale e come si forma? | WeRoad<\/title>\n<meta name=\"description\" content=\"Cos&#039;\u00e8 l&#039;aurora boreale e come e perch\u00e9 si forma? Se l&#039;\u00e8 chiesto l&#039;uomo preistorico, ce lo chiediamo noi. Per\u00f2 noi abbiamo anche le risposte!\" \/>\n<meta name=\"robots\" content=\"index, follow, max-snippet:-1, max-image-preview:large, max-video-preview:-1\" \/>\n<link rel=\"canonical\" href=\"https:\/\/www.weroad.it\/blog\/aurora-boreale-cos-e-perche-accade\" \/>\n<meta property=\"og:locale\" content=\"it_IT\" \/>\n<meta property=\"og:type\" content=\"article\" \/>\n<meta property=\"og:title\" content=\"Cos&#039;\u00e8 l&#039;Aurora Boreale e come si forma?\" \/>\n<meta property=\"og:description\" content=\"Cos&#039;\u00e8 l&#039;aurora boreale e come e perch\u00e9 si forma? Se l&#039;\u00e8 chiesto l&#039;uomo preistorico, ce lo chiediamo noi. Per\u00f2 noi abbiamo anche le risposte!\" \/>\n<meta property=\"og:url\" content=\"https:\/\/www.weroad.it\/blog\/aurora-boreale-cos-e-perche-accade\" \/>\n<meta property=\"og:site_name\" content=\"Stories\" \/>\n<meta property=\"article:publisher\" content=\"https:\/\/www.facebook.com\/WeRoad\/\" \/>\n<meta property=\"article:published_time\" content=\"2021-11-26T10:39:07+00:00\" \/>\n<meta property=\"og:image\" content=\"https:\/\/www.weroad.it\/blog\/wp-content\/uploads\/2021\/11\/aurora-boreale-isole-lofoten-weroad.jpg\" \/>\n\t<meta property=\"og:image:width\" content=\"1920\" \/>\n\t<meta property=\"og:image:height\" content=\"1280\" \/>\n\t<meta property=\"og:image:type\" content=\"image\/jpeg\" \/>\n<meta name=\"author\" content=\"Luca Garzia\" \/>\n<meta name=\"twitter:card\" content=\"summary_large_image\" \/>\n<meta name=\"twitter:label1\" content=\"Scritto da\" \/>\n\t<meta name=\"twitter:data1\" content=\"Luca Garzia\" \/>\n\t<meta name=\"twitter:label2\" content=\"Tempo di lettura stimato\" \/>\n\t<meta name=\"twitter:data2\" content=\"8 minuti\" \/>\n<script type=\"application\/ld+json\" class=\"yoast-schema-graph\">{\"@context\":\"https:\/\/schema.org\",\"@graph\":[{\"@type\":\"Article\",\"@id\":\"https:\/\/www.weroad.it\/blog\/aurora-boreale-cos-e-perche-accade#article\",\"isPartOf\":{\"@id\":\"https:\/\/www.weroad.it\/blog\/aurora-boreale-cos-e-perche-accade\"},\"author\":{\"name\":\"Luca Garzia\",\"@id\":\"https:\/\/www.weroad.it\/blog\/#\/schema\/person\/dc8aeee36c314601dd5e3690bbe1980e\"},\"headline\":\"Cos&#8217;\u00e8 l&#8217;Aurora Boreale e come si forma?\",\"datePublished\":\"2021-11-26T10:39:07+00:00\",\"mainEntityOfPage\":{\"@id\":\"https:\/\/www.weroad.it\/blog\/aurora-boreale-cos-e-perche-accade\"},\"wordCount\":1378,\"commentCount\":0,\"image\":{\"@id\":\"https:\/\/www.weroad.it\/blog\/aurora-boreale-cos-e-perche-accade#primaryimage\"},\"thumbnailUrl\":\"https:\/\/www.weroad.it\/blog\/wp-content\/uploads\/2021\/11\/aurora-boreale-isole-lofoten-weroad.jpg\",\"keywords\":[\"Norvegia\"],\"articleSection\":[\"Info di viaggio\"],\"inLanguage\":\"it-IT\",\"potentialAction\":[{\"@type\":\"CommentAction\",\"name\":\"Comment\",\"target\":[\"https:\/\/www.weroad.it\/blog\/aurora-boreale-cos-e-perche-accade#respond\"]}]},{\"@type\":\"WebPage\",\"@id\":\"https:\/\/www.weroad.it\/blog\/aurora-boreale-cos-e-perche-accade\",\"url\":\"https:\/\/www.weroad.it\/blog\/aurora-boreale-cos-e-perche-accade\",\"name\":\"Cos'\u00e8 l'Aurora Boreale e come si forma? | WeRoad\",\"isPartOf\":{\"@id\":\"https:\/\/www.weroad.it\/blog\/#website\"},\"primaryImageOfPage\":{\"@id\":\"https:\/\/www.weroad.it\/blog\/aurora-boreale-cos-e-perche-accade#primaryimage\"},\"image\":{\"@id\":\"https:\/\/www.weroad.it\/blog\/aurora-boreale-cos-e-perche-accade#primaryimage\"},\"thumbnailUrl\":\"https:\/\/www.weroad.it\/blog\/wp-content\/uploads\/2021\/11\/aurora-boreale-isole-lofoten-weroad.jpg\",\"datePublished\":\"2021-11-26T10:39:07+00:00\",\"author\":{\"@id\":\"https:\/\/www.weroad.it\/blog\/#\/schema\/person\/dc8aeee36c314601dd5e3690bbe1980e\"},\"description\":\"Cos'\u00e8 l'aurora boreale e come e perch\u00e9 si forma? Se l'\u00e8 chiesto l'uomo preistorico, ce lo chiediamo noi. Per\u00f2 noi abbiamo anche le risposte!\",\"breadcrumb\":{\"@id\":\"https:\/\/www.weroad.it\/blog\/aurora-boreale-cos-e-perche-accade#breadcrumb\"},\"inLanguage\":\"it-IT\",\"potentialAction\":[{\"@type\":\"ReadAction\",\"target\":[\"https:\/\/www.weroad.it\/blog\/aurora-boreale-cos-e-perche-accade\"]}]},{\"@type\":\"ImageObject\",\"inLanguage\":\"it-IT\",\"@id\":\"https:\/\/www.weroad.it\/blog\/aurora-boreale-cos-e-perche-accade#primaryimage\",\"url\":\"https:\/\/www.weroad.it\/blog\/wp-content\/uploads\/2021\/11\/aurora-boreale-isole-lofoten-weroad.jpg\",\"contentUrl\":\"https:\/\/www.weroad.it\/blog\/wp-content\/uploads\/2021\/11\/aurora-boreale-isole-lofoten-weroad.jpg\",\"width\":1920,\"height\":1280},{\"@type\":\"BreadcrumbList\",\"@id\":\"https:\/\/www.weroad.it\/blog\/aurora-boreale-cos-e-perche-accade#breadcrumb\",\"itemListElement\":[{\"@type\":\"ListItem\",\"position\":1,\"name\":\"Home\",\"item\":\"https:\/\/www.weroad.it\/blog\/\"},{\"@type\":\"ListItem\",\"position\":2,\"name\":\"Cos&#8217;\u00e8 l&#8217;Aurora Boreale e come si forma?\"}]},{\"@type\":\"WebSite\",\"@id\":\"https:\/\/www.weroad.it\/blog\/#website\",\"url\":\"https:\/\/www.weroad.it\/blog\/\",\"name\":\"Stories\",\"description\":\"A blog by WeRoad\",\"potentialAction\":[{\"@type\":\"SearchAction\",\"target\":{\"@type\":\"EntryPoint\",\"urlTemplate\":\"https:\/\/www.weroad.it\/blog\/?s={search_term_string}\"},\"query-input\":{\"@type\":\"PropertyValueSpecification\",\"valueRequired\":true,\"valueName\":\"search_term_string\"}}],\"inLanguage\":\"it-IT\"},{\"@type\":\"Person\",\"@id\":\"https:\/\/www.weroad.it\/blog\/#\/schema\/person\/dc8aeee36c314601dd5e3690bbe1980e\",\"name\":\"Luca Garzia\",\"sameAs\":[\"https:\/\/www.instagram.com\/gammamanta\/\"]}]}<\/script>\n<!-- \/ Yoast SEO Premium plugin. -->","yoast_head_json":{"title":"Cos'\u00e8 l'Aurora Boreale e come si forma? | WeRoad","description":"Cos'\u00e8 l'aurora boreale e come e perch\u00e9 si forma? Se l'\u00e8 chiesto l'uomo preistorico, ce lo chiediamo noi. Per\u00f2 noi abbiamo anche le risposte!","robots":{"index":"index","follow":"follow","max-snippet":"max-snippet:-1","max-image-preview":"max-image-preview:large","max-video-preview":"max-video-preview:-1"},"canonical":"https:\/\/www.weroad.it\/blog\/aurora-boreale-cos-e-perche-accade","og_locale":"it_IT","og_type":"article","og_title":"Cos'\u00e8 l'Aurora Boreale e come si forma?","og_description":"Cos'\u00e8 l'aurora boreale e come e perch\u00e9 si forma? Se l'\u00e8 chiesto l'uomo preistorico, ce lo chiediamo noi. Per\u00f2 noi abbiamo anche le risposte!","og_url":"https:\/\/www.weroad.it\/blog\/aurora-boreale-cos-e-perche-accade","og_site_name":"Stories","article_publisher":"https:\/\/www.facebook.com\/WeRoad\/","article_published_time":"2021-11-26T10:39:07+00:00","og_image":[{"width":1920,"height":1280,"url":"https:\/\/www.weroad.it\/blog\/wp-content\/uploads\/2021\/11\/aurora-boreale-isole-lofoten-weroad.jpg","type":"image\/jpeg"}],"author":"Luca Garzia","twitter_card":"summary_large_image","twitter_misc":{"Scritto da":"Luca Garzia","Tempo di lettura stimato":"8 minuti"},"schema":{"@context":"https:\/\/schema.org","@graph":[{"@type":"Article","@id":"https:\/\/www.weroad.it\/blog\/aurora-boreale-cos-e-perche-accade#article","isPartOf":{"@id":"https:\/\/www.weroad.it\/blog\/aurora-boreale-cos-e-perche-accade"},"author":{"name":"Luca Garzia","@id":"https:\/\/www.weroad.it\/blog\/#\/schema\/person\/dc8aeee36c314601dd5e3690bbe1980e"},"headline":"Cos&#8217;\u00e8 l&#8217;Aurora Boreale e come si forma?","datePublished":"2021-11-26T10:39:07+00:00","mainEntityOfPage":{"@id":"https:\/\/www.weroad.it\/blog\/aurora-boreale-cos-e-perche-accade"},"wordCount":1378,"commentCount":0,"image":{"@id":"https:\/\/www.weroad.it\/blog\/aurora-boreale-cos-e-perche-accade#primaryimage"},"thumbnailUrl":"https:\/\/www.weroad.it\/blog\/wp-content\/uploads\/2021\/11\/aurora-boreale-isole-lofoten-weroad.jpg","keywords":["Norvegia"],"articleSection":["Info di viaggio"],"inLanguage":"it-IT","potentialAction":[{"@type":"CommentAction","name":"Comment","target":["https:\/\/www.weroad.it\/blog\/aurora-boreale-cos-e-perche-accade#respond"]}]},{"@type":"WebPage","@id":"https:\/\/www.weroad.it\/blog\/aurora-boreale-cos-e-perche-accade","url":"https:\/\/www.weroad.it\/blog\/aurora-boreale-cos-e-perche-accade","name":"Cos'\u00e8 l'Aurora Boreale e come si forma? | WeRoad","isPartOf":{"@id":"https:\/\/www.weroad.it\/blog\/#website"},"primaryImageOfPage":{"@id":"https:\/\/www.weroad.it\/blog\/aurora-boreale-cos-e-perche-accade#primaryimage"},"image":{"@id":"https:\/\/www.weroad.it\/blog\/aurora-boreale-cos-e-perche-accade#primaryimage"},"thumbnailUrl":"https:\/\/www.weroad.it\/blog\/wp-content\/uploads\/2021\/11\/aurora-boreale-isole-lofoten-weroad.jpg","datePublished":"2021-11-26T10:39:07+00:00","author":{"@id":"https:\/\/www.weroad.it\/blog\/#\/schema\/person\/dc8aeee36c314601dd5e3690bbe1980e"},"description":"Cos'\u00e8 l'aurora boreale e come e perch\u00e9 si forma? Se l'\u00e8 chiesto l'uomo preistorico, ce lo chiediamo noi. Per\u00f2 noi abbiamo anche le risposte!","breadcrumb":{"@id":"https:\/\/www.weroad.it\/blog\/aurora-boreale-cos-e-perche-accade#breadcrumb"},"inLanguage":"it-IT","potentialAction":[{"@type":"ReadAction","target":["https:\/\/www.weroad.it\/blog\/aurora-boreale-cos-e-perche-accade"]}]},{"@type":"ImageObject","inLanguage":"it-IT","@id":"https:\/\/www.weroad.it\/blog\/aurora-boreale-cos-e-perche-accade#primaryimage","url":"https:\/\/www.weroad.it\/blog\/wp-content\/uploads\/2021\/11\/aurora-boreale-isole-lofoten-weroad.jpg","contentUrl":"https:\/\/www.weroad.it\/blog\/wp-content\/uploads\/2021\/11\/aurora-boreale-isole-lofoten-weroad.jpg","width":1920,"height":1280},{"@type":"BreadcrumbList","@id":"https:\/\/www.weroad.it\/blog\/aurora-boreale-cos-e-perche-accade#breadcrumb","itemListElement":[{"@type":"ListItem","position":1,"name":"Home","item":"https:\/\/www.weroad.it\/blog\/"},{"@type":"ListItem","position":2,"name":"Cos&#8217;\u00e8 l&#8217;Aurora Boreale e come si forma?"}]},{"@type":"WebSite","@id":"https:\/\/www.weroad.it\/blog\/#website","url":"https:\/\/www.weroad.it\/blog\/","name":"Stories","description":"A blog by WeRoad","potentialAction":[{"@type":"SearchAction","target":{"@type":"EntryPoint","urlTemplate":"https:\/\/www.weroad.it\/blog\/?s={search_term_string}"},"query-input":{"@type":"PropertyValueSpecification","valueRequired":true,"valueName":"search_term_string"}}],"inLanguage":"it-IT"},{"@type":"Person","@id":"https:\/\/www.weroad.it\/blog\/#\/schema\/person\/dc8aeee36c314601dd5e3690bbe1980e","name":"Luca Garzia","sameAs":["https:\/\/www.instagram.com\/gammamanta\/"]}]}},"_links":{"self":[{"href":"https:\/\/www.weroad.it\/blog\/wp-json\/wp\/v2\/posts\/2911","targetHints":{"allow":["GET"]}}],"collection":[{"href":"https:\/\/www.weroad.it\/blog\/wp-json\/wp\/v2\/posts"}],"about":[{"href":"https:\/\/www.weroad.it\/blog\/wp-json\/wp\/v2\/types\/post"}],"author":[{"embeddable":true,"href":"https:\/\/www.weroad.it\/blog\/wp-json\/wp\/v2\/users\/23"}],"replies":[{"embeddable":true,"href":"https:\/\/www.weroad.it\/blog\/wp-json\/wp\/v2\/comments?post=2911"}],"version-history":[{"count":23,"href":"https:\/\/www.weroad.it\/blog\/wp-json\/wp\/v2\/posts\/2911\/revisions"}],"predecessor-version":[{"id":16127,"href":"https:\/\/www.weroad.it\/blog\/wp-json\/wp\/v2\/posts\/2911\/revisions\/16127"}],"wp:featuredmedia":[{"embeddable":true,"href":"https:\/\/www.weroad.it\/blog\/wp-json\/wp\/v2\/media\/2956"}],"wp:attachment":[{"href":"https:\/\/www.weroad.it\/blog\/wp-json\/wp\/v2\/media?parent=2911"}],"wp:term":[{"taxonomy":"category","embeddable":true,"href":"https:\/\/www.weroad.it\/blog\/wp-json\/wp\/v2\/categories?post=2911"},{"taxonomy":"mete","embeddable":true,"href":"https:\/\/www.weroad.it\/blog\/wp-json\/wp\/v2\/mete?post=2911"}],"curies":[{"name":"wp","href":"https:\/\/api.w.org\/{rel}","templated":true}]}}