{"id":10294,"date":"2024-09-01T09:27:15","date_gmt":"2024-09-01T07:27:15","guid":{"rendered":"https:\/\/www.weroad.it\/blog\/?p=10294"},"modified":"2026-02-03T14:16:24","modified_gmt":"2026-02-03T13:16:24","slug":"ponti-2025-tutte-ma-proprio-tutte-le-occasioni-per-partire","status":"publish","type":"post","link":"https:\/\/www.weroad.it\/blog\/ponti-2025-tutte-ma-proprio-tutte-le-occasioni-per-partire","title":{"rendered":"Ponti 2025: tutte, ma proprio tutte, le occasioni per partire"},"content":{"rendered":"\n<p>Tempo di ritorno al lavoro, un saluto alle spiagge e ai pascoli di montagna e&#8230; wait, wait, wait!<\/p>\n\n\n\n<p>La speranza \u00e8 sempre l&#8217;ultima a morire e quindi cosa c&#8217;\u00e8 di meglio, dopo essere rientrati dalle ferie estive, di controllare i <strong>ponti 2025<\/strong>?!<\/p>\n\n\n\n<p>Ti faccio un velocissimo recap dei <strong>giorni festivi <\/strong>del prossimo anno, di cui ti parler\u00f2 poi meglio nei prossimi capitoli. Pronto a prendere appunti?<\/p>\n\n\n\n<p>Il <strong>Capodanno 2025<\/strong> viene di mercoled\u00ec e l&#8217;<strong>Epifania<\/strong> di luned\u00ec: lascio a te valutare se questo sia un bene o un male&#8230;<\/p>\n\n\n\n<p>Il <strong>Carnevale<\/strong> \u00e8 una <strong>festivit\u00e0 lavorativa<\/strong> per tanti di noi, ma non per tutti: una breve pausa a fine febbraio sarebbe l&#8217;deale!<\/p>\n\n\n\n<p>Indovinare e ricordarsi la data di <strong>Pasqua <\/strong>\u00e8 sempre un terno al lotto, quindi te la inizio a spoilerare: <strong>domenica 20 aprile 2025<\/strong>.<\/p>\n\n\n\n<p>Rullo di tamburi perch\u00e9 s\u00ec: <strong>Pasqua<\/strong> \u00e8 vicinissima al <strong>25 aprile<\/strong> e di conseguenza al <strong>1 maggio 2025<\/strong>. Questo s\u00ec che \u00e8 un colpo di c&#8230; fortuna!<\/p>\n\n\n\n<p>Il <strong>2 giugno 2025<\/strong> viene di luned\u00ec e anche questo non \u00e8 male: weekend lunghi venghino signori venghino!<\/p>\n\n\n\n<p><strong>Ferragosto 2025<\/strong> viene invece di venerd\u00ec, ma si spera di essere gi\u00e0 in viaggio da qualche parte del mondo senza accesso alle email di lavoro!<\/p>\n\n\n\n<p>Il <strong>Ponte dei morti<\/strong> non esiste, in quanto il 1 novembre 2025 viene di sabato: non si pu\u00f2 avere tutto dalla vita.<\/p>\n\n\n\n<p>Infine, il top month, il carissimo Dicembre: <strong>Immacolata 2025<\/strong> tocca di luned\u00ec, mentre <strong>Natale<\/strong> di gioved\u00ec.<\/p>\n\n\n\n<p>Insomma, anche nel 2025 le combinazioni tra <strong>giorni festivi e giorni di ferie <\/strong>per partire per un viaggio sono svariate: pront* a scoprirle tutte?<\/p>\n\n\n\n<h2 class=\"wp-block-heading\" id=\"h-capodanno-2025\"><strong>Capodanno 2025<\/strong><\/h2>\n\n\n\n<p>Come iniziare l&#8217;anno nel migliore dei modi se non con un bel viaggetto e annesso primo <strong>ponte 2025<\/strong>?<\/p>\n\n\n\n<p><strong>Capodanno 2025 <\/strong>viene di mercoled\u00ec: attaccando quindi luned\u00ec 30 e marted\u00ec 31 dicembre, potrai stare via la bellezza di <strong>5 giorni<\/strong>, prendendone solo 2 di ferie.<\/p>\n\n\n\n<p>Se poi riuscissi a stare via direttamente da Natale&#8230; ancora meglio!<\/p>\n\n\n\n<p><a href=\"https:\/\/www.weroad.it\/viaggi-capodanno\">Le mete in cui trascorrere al top il tuo <strong>Capodanno 2025<\/strong><\/a> sono moltissime e vanno incontro alle esigenze di qualunque viaggiatore.<\/p>\n\n\n\n<p>Puoi optare per il Sudest asiatico, con un tour in un posto tutto da conoscere come il <strong>Vietnam<\/strong>, visto che a fine anno le piogge sono meno frequenti.<\/p>\n\n\n\n<p>Oppure direzione <strong>Islanda<\/strong>: tanto freddo ma anche tanta magia!<\/p>\n\n\n<div class=\"wp-block-image\">\n<figure class=\"aligncenter size-large\"><img decoding=\"async\" src=\"https:\/\/images.unsplash.com\/photo-1494564605686-2e931f77a8e2?q=80&amp;w=2070&amp;auto=format&amp;fit=crop&amp;ixlib=rb-4.0.3&amp;ixid=M3wxMjA3fDB8MHxwaG90by1wYWdlfHx8fGVufDB8fHx8fA%3D%3D\" alt=\"Capodanno in Islanda\"\/><figcaption class=\"wp-element-caption\">I paesaggi da fiaba fantasy dell&#8217;Islanda ti aspettano<\/figcaption><\/figure><\/div>\n\n\n<h2 class=\"wp-block-heading\" id=\"h-epifania-2025\"><strong>Epifania 2025<\/strong><\/h2>\n\n\n\n<p>A differenza del 2024, in cui la Befana era arrivata di sabato, l&#8217;<strong>Epifania 2025<\/strong> cadr\u00e0 di luned\u00ec!<\/p>\n\n\n\n<p>Questo ti permette di organizzare qualcosa gi\u00e0 da <a href=\"https:\/\/www.weroad.it\/viaggi-capodanno\">sabato 4 gennaio, se non direttamente da <strong>Capodanno 2025<\/strong>!<\/a><\/p>\n\n\n\n<p>Lavoro o studio permettendo, l&#8217;ideale sarebbe sfruttare al meglio questo <strong>ponte 2025<\/strong>, cos\u00ec da resistere meglio fino a Pasqua.<\/p>\n\n\n\n<p>Anche qui le proposte si sprecano, dal classico weekend lungo al Sud, come in <strong>Sicilia<\/strong>, dove le temperature saranno sicuramente miti anche durante l&#8217;<strong>Epifania 2025<\/strong>.<\/p>\n\n\n\n<p>Se invece riesci a fare un ponte un po&#8217; pi\u00f9 lungo, puoi puntare sulle Canarie: <strong>Lanzarote, Fuerteventura, Tenerife<\/strong>. Fattore comune a tutte: sole, spiagge semi deserte e vita lenta!<\/p>\n\n\n<div class=\"wp-block-image\">\n<figure class=\"aligncenter size-large\"><img decoding=\"async\" src=\"https:\/\/images.unsplash.com\/photo-1651592752638-8dab7b2eb998?q=80&amp;w=2071&amp;auto=format&amp;fit=crop&amp;ixlib=rb-4.0.3&amp;ixid=M3wxMjA3fDB8MHxwaG90by1wYWdlfHx8fGVufDB8fHx8fA%3D%3D\" alt=\"Epifania a Lanzarote\"\/><figcaption class=\"wp-element-caption\">Una spiaggia di Lanzarote per l&#8217;Epifania 2025<\/figcaption><\/figure><\/div>\n\n\n<h2 class=\"wp-block-heading\" id=\"h-carnevale-2025\"><strong>Carnevale 2025<\/strong><\/h2>\n\n\n\n<p>A volte per partire basta solo un&#8217;occasione e quale migliore del <strong>Carnevale 2025<\/strong>?!<\/p>\n\n\n\n<p>Capire quando sar\u00e0 <strong>Carnevale<\/strong> \u00e8 sempre un po&#8217; complesso, visto che ogni citt\u00e0 lo festeggia un po&#8217; quando gli pare.<\/p>\n\n\n\n<p>Di per certo posso dirti che il marted\u00ec grasso sar\u00e0 il <a href=\"https:\/\/www.weroad.it\/marzo\"><strong>4 marzo<\/strong> e di conseguenza il mercoled\u00ec delle Ceneri sar\u00e0 il <strong>5 marzo 2025<\/strong><\/a>.<\/p>\n\n\n\n<p>Questo <strong>ponte 2025<\/strong> \u00e8 una ghiotta occasione per partire per tutti coloro che hanno questi due <strong>giorni festivi<\/strong>: pronto insegnanti all&#8217;ascolto?!<\/p>\n\n\n\n<p>Attaccando infatti il 4 e il 5 marzo al weekend precedente, si pu\u00f2 facilmente organizzare un viaggio di 5 giorni in qualche meta non troppo lontana.<\/p>\n\n\n\n<p>Mi dicono dalla regia che le feste di <strong>Carnevale in Spagna<\/strong> sono pazzesche tanto quanto quelle italiane!<\/p>\n\n\n\n<h2 class=\"wp-block-heading\" id=\"h-pasqua-2025\"><strong>Pasqua 2025<\/strong><\/h2>\n\n\n\n<p>La <strong>data di Pasqua<\/strong> te l&#8217;ho gi\u00e0 svelata all&#8217;inizio ma ripetiamola insieme perch\u00e9 le info sui <strong>ponti 2025<\/strong> accumulate fino a qui sono gi\u00e0 molte: <strong>domenica 20 aprile<\/strong>.<\/p>\n\n\n\n<p>Questo significa solo una cosa: <strong>Pasqua 2025<\/strong> cade in prossimit\u00e0 del ponte del 25 aprile!<\/p>\n\n\n\n<p>Le possibilit\u00e0 qui rasentano l&#8217;infinito, <a href=\"https:\/\/www.weroad.it\/aprile\">visto che <strong>fine aprile<\/strong> \u00e8 un ottimo periodo per viaggiare in parecchi posti del mondo<\/a>.<\/p>\n\n\n\n<p>Se vuoi puntare su un&#8217;estate anticipata e ritornare in ufficio bello abbronzato puoi scegliere una meta come <strong>Zanzibar<\/strong>. Un bell&#8217;out of office e si parte con missione palme, spiagge e tanto meritatissimo relax.<\/p>\n\n\n\n<p>In occasione della <strong>Pasqua 2025<\/strong> possiamo pure parafrasare il detto: Pasqua con chi vuoi&#8230; ma pure dove vuoi!<\/p>\n\n\n<div class=\"wp-block-image\">\n<figure class=\"aligncenter size-large\"><img decoding=\"async\" src=\"https:\/\/images.unsplash.com\/photo-1549035092-33b2937b075a?q=80&amp;w=1800&amp;auto=format&amp;fit=crop&amp;ixlib=rb-4.0.3&amp;ixid=M3wxMjA3fDB8MHxwaG90by1wYWdlfHx8fGVufDB8fHx8fA%3D%3D\" alt=\"Pasqua a Zanzibar\"\/><figcaption class=\"wp-element-caption\">Un posticino da sogno a Zanzibar per Pasqua 2025<\/figcaption><\/figure><\/div>\n\n\n<h2 class=\"wp-block-heading\" id=\"h-25-aprile-2025\"><strong>25 aprile 2025<\/strong><\/h2>\n\n\n\n<p>Ma torniamo al discorso super <strong>ponti 2025<\/strong>, perch\u00e9 questa \u00e8 davvero un&#8217;opportunit\u00e0 da non perdere.<\/p>\n\n\n\n<p><a href=\"https:\/\/www.weroad.it\/aprile\">Unendo Pasqua a <strong>venerd\u00ec 25 aprile 2025<\/strong><\/a><strong> <\/strong>si ha la possibilit\u00e0 di stare via un minimo di <strong>8 giorni<\/strong>, prendendone solo 3 di ferie!<\/p>\n\n\n\n<p>Ricapitolando:<\/p>\n\n\n\n<ul class=\"wp-block-list\">\n<li>Pasqua: domenica 20 aprile 2025<\/li>\n\n\n\n<li>Pasquetta: luned\u00ec 21 aprile 2025<\/li>\n\n\n\n<li>venerd\u00ec 25 aprile 2025<\/li>\n\n\n\n<li>weekend successivo: sabato 26 e domenica 27 aprile 2025<\/li>\n<\/ul>\n\n\n\n<p>Questo vale, purtroppo, solo per chi non considera le <strong>festivit\u00e0 lavorative<\/strong>, come tutti i lavoratori del mondo della ristorazione. Un abbraccio solidale a tutt* voi!<\/p>\n\n\n\n<p>Dove andare? Mi sta venendo un po&#8217; di FOMO per te!<\/p>\n\n\n\n<p>Potresti pensare di sfruttare questi giorni per conoscere meglio gli <strong>USA<\/strong>: <strong>California<\/strong> here we come! Ma anche Miami e Orlando oppure la sempre stupenda New York!<\/p>\n\n\n\n<h2 class=\"wp-block-heading\" id=\"h-1-maggio-2025\"><strong>1 maggio 2025<\/strong><\/h2>\n\n\n\n<p>Un&#8217;altra gioia all&#8217;orizzonte per quanto riguarda i <strong>ponti 2025<\/strong>: il <a href=\"https:\/\/www.weroad.it\/maggio\"><strong>1 maggio<\/strong> viene infatti di gioved\u00ec<\/a>!<\/p>\n\n\n\n<p>Questo vuol dire che possiamo andare oltre il <strong>ponte di Pasqua + 25 aprile 2025<\/strong>: momento di suspense e meme della math lady che ragiona&#8230;<\/p>\n\n\n\n<p>Da sabato 19 aprile a domenica 4 maggio, puoi fare un viaggio di ben <strong>16 giorni<\/strong> prendendone <strong>solo 7 di ferie<\/strong>! Grazie <strong>1 maggio 2025<\/strong>, grazie Festa dei lavoratori italiani!<\/p>\n\n\n\n<p>I giorni lavorativi da prendere di ferie sono solo:<br>&#8211; da marted\u00ec 21 a gioved\u00ec 24 aprile 2025<br>&#8211; da luned\u00ec 28 a mercoled\u00ec 30 aprile 2025<br>&#8211; venerd\u00ec 2 maggio 2025<\/p>\n\n\n\n<p>Con tutti questi giorni a disposizione, hai davvero l&#8217;imbarazzo della scelta su quale destinazione scegliere!<\/p>\n\n\n\n<p>Puoi prendere e andare ovunque, dalle <strong>Filippine<\/strong> all&#8217;<strong>Argentina<\/strong>, dall&#8217;<strong>Indonesia<\/strong> al <strong>Brasile<\/strong>. La parola d&#8217;ordine \u00e8 sempre e solo una: <strong>Avventura<\/strong>!<\/p>\n\n\n<div class=\"wp-block-image\">\n<figure class=\"aligncenter size-large\"><img decoding=\"async\" src=\"https:\/\/images.unsplash.com\/photo-1529414988992-52e2db9372b2?q=80&amp;w=1928&amp;auto=format&amp;fit=crop&amp;ixlib=rb-4.0.3&amp;ixid=M3wxMjA3fDB8MHxwaG90by1wYWdlfHx8fGVufDB8fHx8fA%3D%3D\" alt=\"Maggio in Argentina\"\/><figcaption class=\"wp-element-caption\">Fino alla fine del mondo: 1 maggio 2025 in Argentina<\/figcaption><\/figure><\/div>\n\n\n<h2 class=\"wp-block-heading\" id=\"h-2-giugno-2025\"><strong>2 giugno 2025<\/strong><\/h2>\n\n\n\n<p>Dopo tutto l&#8217;entusiasmo per il super <strong>ponte 2025 <\/strong>di Pasqua + 25 aprile + 1 maggio, con annessa valanga di <strong>giorni festivi<\/strong>, proseguiamo con le <strong>festivit\u00e0 del 2025<\/strong>.<\/p>\n\n\n\n<p>Il<strong> 2 giugno 2025 <\/strong>viene di luned\u00ec: si pu\u00f2 dunque attaccare al weekend precedente per una gita fuori porta di 3 giorni.<\/p>\n\n\n\n<p><a href=\"https:\/\/www.weroad.it\/giugno\"><strong>Giugno<\/strong> coincide con l&#8217;inizio della stagione estiva<\/a>, nubi temporalesche permettendo, e quindi perch\u00e9 non andare alla scoperta della nostra amata <strong>Italia<\/strong>?<\/p>\n\n\n\n<p>Da Nord a Sud, senza dimenticare tutte le isole: non solo Sicilia e Sardegna, ma anche le <strong>Tremiti<\/strong>, le <strong>Eolie<\/strong>, <strong>Lampedusa<\/strong> e <strong>Pantelleria<\/strong>.<\/p>\n\n\n\n<p>Sfruttare il ponte del<strong> 2 giugno 2025<\/strong> \u00e8 il modo per cominciare l&#8217;estate con il piede giusto!<\/p>\n\n\n<div class=\"wp-block-image\">\n<figure class=\"aligncenter size-large\"><img decoding=\"async\" src=\"https:\/\/images.unsplash.com\/photo-1543214218-b71b898363e3?q=80&amp;w=2070&amp;auto=format&amp;fit=crop&amp;ixlib=rb-4.0.3&amp;ixid=M3wxMjA3fDB8MHxwaG90by1wYWdlfHx8fGVufDB8fHx8fA%3D%3D\" alt=\"\"\/><figcaption class=\"wp-element-caption\">Un tuffo nel mare pi\u00f9 bello (o quasi) del mondo per il 2 giugno 2025<\/figcaption><\/figure><\/div>\n\n\n<h2 class=\"wp-block-heading\" id=\"h-ferragosto-2025\"><strong>Ferragosto 2025<\/strong><\/h2>\n\n\n\n<p>E dopo il 2 giugno, passiamo a un&#8217;altra festivit\u00e0 tutta estiva: <strong>Ferragosto 2025<\/strong>!<\/p>\n\n\n\n<p><strong>Ferragosto 2025<\/strong> cade di venerd\u00ec e questo non \u00e8 affatto male! Grazie alla possibilit\u00e0 di questo weekend lungo, anche coloro che non sono in ferie le classiche &#8220;due centrali di agosto&#8221;, possono ritagliarsi tre giorni di detox.<\/p>\n\n\n\n<p><a href=\"https:\/\/www.weroad.it\/agosto\">Ad agosto si pu\u00f2 andare praticamente dovunque<\/a>, ma se parliamo solo del weekend di <strong>Ferragosto 2025<\/strong>, io ti consiglierei qualche meta non troppo gettonata, magari vicino all&#8217;Italia.<\/p>\n\n\n\n<p>Qualche esempio? Una fuga di qualche giorno a <strong>Budapest<\/strong>, capitale europea magnifica di cui ti ho parlato nel dettaglio <a target=\"_blank\" href=\"https:\/\/www.weroad.it\/blog\/cosa-vedere-a-budapest\/\" rel=\"noreferrer noopener\">qui<\/a>.<\/p>\n\n\n\n<p>Oppure una fuga al mare in <strong>Croazia<\/strong> o in <strong>Albania<\/strong>: favolose terre dei Balcani tutte da esplorare.<\/p>\n\n\n\n<h2 class=\"wp-block-heading\" id=\"h-ponte-dei-morti-2025\"><strong>Ponte dei morti 2025<\/strong><\/h2>\n\n\n\n<p>Se sei arrivato a leggere fino a qui, hai capito come i <strong>ponti nel 2025<\/strong> ci possano dare diverse consolazioni per sfuggire alla vita quotidiana.<\/p>\n\n\n\n<p>Ecco, il <strong>ponte dei morti 2025 <\/strong>non \u00e8 tra questi, visto che il <strong>1 novembre 2025<\/strong> viene di sabato!<\/p>\n\n\n\n<p>Un vero peccato, visto che \u00e8 sempre molto divertente trascorrere la festa di <strong>Halloween<\/strong> in Scozia, in Irlanda o pi\u00f9 semplicemente a Londra.<\/p>\n\n\n\n<p>Anche se, a dirla tutta, <strong>Londra <\/strong>pu\u00f2 essere la meta giusta anche per il NON <strong>ponte dei morti 2025<\/strong>. <a href=\"https:\/\/www.weroad.it\/novembre\">Due giorni \u00e8 sempre meglio di niente!<\/a><\/p>\n\n\n\n<p>E poi ricordiamoci che manca ancora <strong>dicembre<\/strong> con le sue millemila festivit\u00e0&#8230; non buttiamoci gi\u00f9!<\/p>\n\n\n\n<h2 class=\"wp-block-heading\" id=\"h-immacolata-2025\"><strong>Immacolata 2025<\/strong><\/h2>\n\n\n\n<p><a href=\"https:\/\/www.weroad.it\/dicembre\"><strong>Dicembre<\/strong> arriva per ultimo<\/a>, ma nessun mese sa regalare cos\u00ec tante gioie in fatto di ponti!<\/p>\n\n\n\n<p>Ti dico subito che l&#8217;<strong>Immacolata 2025<\/strong> viene di luned\u00ec: poteva andarci peggio dai!<\/p>\n\n\n\n<p>Unendo l&#8217;<strong>8 dicembre<\/strong> al weekend precedente si possono sfruttare questi 3 giorni per un mini viaggio, in attesa delle vacanze natalizie vere e proprie.<\/p>\n\n\n\n<p>Il <strong>ponte dell&#8217;Immacolata 2025 <\/strong>\u00e8 il momento ideale per entrare nel vero mood natalizio: ti dicono niente i <strong>mercatini di Natale<\/strong>?!<\/p>\n\n\n\n<p>Le <strong>Dolomiti<\/strong> con i loro paesini di montagna, da Pinzolo a Madonna di Campiglio, sono sempre una meraviglia.<\/p>\n\n\n\n<p>Per non parlare delle citt\u00e0 che danno il loro massimo splendore con il freddo e la neve, <strong>Vienna<\/strong> su tutte, ma anche <strong>Strasburgo<\/strong> e <strong>Colmar<\/strong>!<\/p>\n\n\n<div class=\"wp-block-image\">\n<figure class=\"aligncenter size-large\"><img decoding=\"async\" src=\"https:\/\/images.unsplash.com\/photo-1438909082724-4546cc45e467?q=80&amp;w=1838&amp;auto=format&amp;fit=crop&amp;ixlib=rb-4.0.3&amp;ixid=M3wxMjA3fDB8MHxwaG90by1wYWdlfHx8fGVufDB8fHx8fA%3D%3D\" alt=\"\"\/><figcaption class=\"wp-element-caption\">La view che ci meritiamo per l&#8217;Immacolata 2025<\/figcaption><\/figure><\/div>\n\n\n<h2 class=\"wp-block-heading\" id=\"h-natale-2025\"><strong>Natale 2025<\/strong><\/h2>\n\n\n\n<p>Siamo quasi in dirittura di arrivo, ma prima di salutarti non posso non nominarti, tra i <strong>ponti 2025<\/strong>, quello di <strong>Natale<\/strong>!<\/p>\n\n\n\n<p>Il <strong>25 dicembre 2025 <\/strong>viene di gioved\u00ec e le combinazioni tra giorni festivi e non possono essere varie!<\/p>\n\n\n\n<p>Si pu\u00f2 unire il giorno di <strong>Natale<\/strong> alla Vigilia e a Santo Stefano, pi\u00f9 weekend prima e weekend dopo. E cos\u00ec, come per magia, ti puoi ritagliare ben 9 giorni di viaggio, prendendone solo <strong>3 di ferie<\/strong>!<\/p>\n\n\n\n<p>Se poi sei livello pro puoi arrivare direttamente a <strong>Capodanno<\/strong> e non se ne parla pi\u00f9!<\/p>\n\n\n\n<p>Mete ambite? Senza dubbio la <strong>Lapponia<\/strong>, a caccia dell&#8217;aurora boreale e la visita a <strong>Rovaniemi<\/strong>, l&#8217;iconico paese di Babbo Natale. Ora s\u00ec che possiamo dire: it&#8217;s Christmas time!<\/p>\n\n\n\n<h2 class=\"wp-block-heading\" id=\"h-ponti-2025-parti-con-weroad\"><strong>Ponti 2025: parti con WeRoad!<\/strong><\/h2>\n\n\n\n<p>Eccoci alla fine di questo <strong>calendario festivit\u00e0 2025<\/strong>, con relativi ponti e idee interessanti di viaggio!<\/p>\n\n\n\n<p>Siamo giunti pure alla fine del <strong>2025<\/strong>, che devo dire ci dar\u00e0 pazzesche opportunit\u00e0 per viaggiare prendendo pochi giorni di ferie.<\/p>\n\n\n\n<p>Indubbiamente meglio dell&#8217;attuale 2024!<\/p>\n\n\n\n<p>L&#8217;elenco dei <a target=\"_blank\" href=\"https:\/\/www.weroad.it\/viaggi\" rel=\"noreferrer noopener\">tour<\/a> di <strong>WeRoad<\/strong> \u00e8 quello che ti serve per programmare il <strong>calendario viaggi del 2025<\/strong>: zaino in spalla e andiamo a esplorare il mondo insieme!<\/p>\n","protected":false},"excerpt":{"rendered":"<p>Tempo di ritorno al lavoro, un saluto alle spiagge e ai pascoli di montagna e&#8230; wait, wait, wait! La speranza \u00e8 sempre l&#8217;ultima a morire e quindi cosa c&#8217;\u00e8 di meglio, dopo essere rientrati dalle ferie estive, di controllare i ponti 2025?! Ti faccio un velocissimo recap dei giorni festivi del prossimo anno, di cui [&hellip;]<\/p>\n","protected":false},"author":40,"featured_media":10300,"comment_status":"closed","ping_status":"open","sticky":false,"template":"","format":"standard","meta":{"_acf_changed":false,"footnotes":""},"categories":[260],"mete":[],"class_list":["post-10294","post","type-post","status-publish","format-standard","has-post-thumbnail","hentry","category-idee-di-viaggio"],"acf":[],"yoast_head":"<!-- This site is optimized with the Yoast SEO Premium plugin v25.3.1 (Yoast SEO v26.8) - https:\/\/yoast.com\/product\/yoast-seo-premium-wordpress\/ -->\n<title>Ponti 2025: tutte, ma proprio tutte, le occasioni per partire | WeRoad<\/title>\n<meta name=\"description\" content=\"Il prossimo anno si avvicina: sei pronto a conoscere tutti i ponti 2025 e le innumerevoli possibilit\u00e0 per partire? Scopri di pi\u00f9!\" \/>\n<meta name=\"robots\" content=\"index, follow, max-snippet:-1, max-image-preview:large, max-video-preview:-1\" \/>\n<link rel=\"canonical\" href=\"https:\/\/www.weroad.it\/blog\/ponti-2025-tutte-ma-proprio-tutte-le-occasioni-per-partire\" \/>\n<meta property=\"og:locale\" content=\"it_IT\" \/>\n<meta property=\"og:type\" content=\"article\" \/>\n<meta property=\"og:title\" content=\"Ponti 2025: tutte, ma proprio tutte, le occasioni per partire\" \/>\n<meta property=\"og:description\" content=\"Il prossimo anno si avvicina: sei pronto a conoscere tutti i ponti 2025 e le innumerevoli possibilit\u00e0 per partire? Scopri di pi\u00f9!\" \/>\n<meta property=\"og:url\" content=\"https:\/\/www.weroad.it\/blog\/ponti-2025-tutte-ma-proprio-tutte-le-occasioni-per-partire\" \/>\n<meta property=\"og:site_name\" content=\"Stories\" \/>\n<meta property=\"article:publisher\" content=\"https:\/\/www.facebook.com\/WeRoad\/\" \/>\n<meta property=\"article:published_time\" content=\"2024-09-01T07:27:15+00:00\" \/>\n<meta property=\"og:image\" content=\"https:\/\/www.weroad.it\/blog\/wp-content\/uploads\/2024\/08\/Ponti_2025_Dove_andare_WeRoad.jpg\" \/>\n\t<meta property=\"og:image:width\" content=\"2072\" \/>\n\t<meta property=\"og:image:height\" content=\"1379\" \/>\n\t<meta property=\"og:image:type\" content=\"image\/jpeg\" \/>\n<meta name=\"author\" content=\"Roberto Marana\" \/>\n<meta name=\"twitter:card\" content=\"summary_large_image\" \/>\n<meta name=\"twitter:label1\" content=\"Scritto da\" \/>\n\t<meta name=\"twitter:data1\" content=\"Roberto Marana\" \/>\n\t<meta name=\"twitter:label2\" content=\"Tempo di lettura stimato\" \/>\n\t<meta name=\"twitter:data2\" content=\"11 minuti\" \/>\n<script type=\"application\/ld+json\" class=\"yoast-schema-graph\">{\"@context\":\"https:\/\/schema.org\",\"@graph\":[{\"@type\":\"Article\",\"@id\":\"https:\/\/www.weroad.it\/blog\/ponti-2025-tutte-ma-proprio-tutte-le-occasioni-per-partire#article\",\"isPartOf\":{\"@id\":\"https:\/\/www.weroad.it\/blog\/ponti-2025-tutte-ma-proprio-tutte-le-occasioni-per-partire\"},\"author\":{\"name\":\"Roberto Marana\",\"@id\":\"https:\/\/www.weroad.it\/blog\/#\/schema\/person\/1813fe6d3ec8a0f46bbebe03b31d030a\"},\"headline\":\"Ponti 2025: tutte, ma proprio tutte, le occasioni per partire\",\"datePublished\":\"2024-09-01T07:27:15+00:00\",\"mainEntityOfPage\":{\"@id\":\"https:\/\/www.weroad.it\/blog\/ponti-2025-tutte-ma-proprio-tutte-le-occasioni-per-partire\"},\"wordCount\":1611,\"image\":{\"@id\":\"https:\/\/www.weroad.it\/blog\/ponti-2025-tutte-ma-proprio-tutte-le-occasioni-per-partire#primaryimage\"},\"thumbnailUrl\":\"https:\/\/www.weroad.it\/blog\/wp-content\/uploads\/2024\/08\/Ponti_2025_Dove_andare_WeRoad.jpg\",\"articleSection\":[\"Idee di viaggio\"],\"inLanguage\":\"it-IT\"},{\"@type\":\"WebPage\",\"@id\":\"https:\/\/www.weroad.it\/blog\/ponti-2025-tutte-ma-proprio-tutte-le-occasioni-per-partire\",\"url\":\"https:\/\/www.weroad.it\/blog\/ponti-2025-tutte-ma-proprio-tutte-le-occasioni-per-partire\",\"name\":\"Ponti 2025: tutte, ma proprio tutte, le occasioni per partire | WeRoad\",\"isPartOf\":{\"@id\":\"https:\/\/www.weroad.it\/blog\/#website\"},\"primaryImageOfPage\":{\"@id\":\"https:\/\/www.weroad.it\/blog\/ponti-2025-tutte-ma-proprio-tutte-le-occasioni-per-partire#primaryimage\"},\"image\":{\"@id\":\"https:\/\/www.weroad.it\/blog\/ponti-2025-tutte-ma-proprio-tutte-le-occasioni-per-partire#primaryimage\"},\"thumbnailUrl\":\"https:\/\/www.weroad.it\/blog\/wp-content\/uploads\/2024\/08\/Ponti_2025_Dove_andare_WeRoad.jpg\",\"datePublished\":\"2024-09-01T07:27:15+00:00\",\"author\":{\"@id\":\"https:\/\/www.weroad.it\/blog\/#\/schema\/person\/1813fe6d3ec8a0f46bbebe03b31d030a\"},\"description\":\"Il prossimo anno si avvicina: sei pronto a conoscere tutti i ponti 2025 e le innumerevoli possibilit\u00e0 per partire? Scopri di pi\u00f9!\",\"breadcrumb\":{\"@id\":\"https:\/\/www.weroad.it\/blog\/ponti-2025-tutte-ma-proprio-tutte-le-occasioni-per-partire#breadcrumb\"},\"inLanguage\":\"it-IT\",\"potentialAction\":[{\"@type\":\"ReadAction\",\"target\":[\"https:\/\/www.weroad.it\/blog\/ponti-2025-tutte-ma-proprio-tutte-le-occasioni-per-partire\"]}]},{\"@type\":\"ImageObject\",\"inLanguage\":\"it-IT\",\"@id\":\"https:\/\/www.weroad.it\/blog\/ponti-2025-tutte-ma-proprio-tutte-le-occasioni-per-partire#primaryimage\",\"url\":\"https:\/\/www.weroad.it\/blog\/wp-content\/uploads\/2024\/08\/Ponti_2025_Dove_andare_WeRoad.jpg\",\"contentUrl\":\"https:\/\/www.weroad.it\/blog\/wp-content\/uploads\/2024\/08\/Ponti_2025_Dove_andare_WeRoad.jpg\",\"width\":2072,\"height\":1379,\"caption\":\"Ponti_2025_Dove_andare_WeRoad\"},{\"@type\":\"BreadcrumbList\",\"@id\":\"https:\/\/www.weroad.it\/blog\/ponti-2025-tutte-ma-proprio-tutte-le-occasioni-per-partire#breadcrumb\",\"itemListElement\":[{\"@type\":\"ListItem\",\"position\":1,\"name\":\"Home\",\"item\":\"https:\/\/www.weroad.it\/blog\/\"},{\"@type\":\"ListItem\",\"position\":2,\"name\":\"Ponti 2025: tutte, ma proprio tutte, le occasioni per partire\"}]},{\"@type\":\"WebSite\",\"@id\":\"https:\/\/www.weroad.it\/blog\/#website\",\"url\":\"https:\/\/www.weroad.it\/blog\/\",\"name\":\"Stories\",\"description\":\"A blog by WeRoad\",\"potentialAction\":[{\"@type\":\"SearchAction\",\"target\":{\"@type\":\"EntryPoint\",\"urlTemplate\":\"https:\/\/www.weroad.it\/blog\/?s={search_term_string}\"},\"query-input\":{\"@type\":\"PropertyValueSpecification\",\"valueRequired\":true,\"valueName\":\"search_term_string\"}}],\"inLanguage\":\"it-IT\"},{\"@type\":\"Person\",\"@id\":\"https:\/\/www.weroad.it\/blog\/#\/schema\/person\/1813fe6d3ec8a0f46bbebe03b31d030a\",\"name\":\"Roberto Marana\"}]}<\/script>\n<!-- \/ Yoast SEO Premium plugin. -->","yoast_head_json":{"title":"Ponti 2025: tutte, ma proprio tutte, le occasioni per partire | WeRoad","description":"Il prossimo anno si avvicina: sei pronto a conoscere tutti i ponti 2025 e le innumerevoli possibilit\u00e0 per partire? Scopri di pi\u00f9!","robots":{"index":"index","follow":"follow","max-snippet":"max-snippet:-1","max-image-preview":"max-image-preview:large","max-video-preview":"max-video-preview:-1"},"canonical":"https:\/\/www.weroad.it\/blog\/ponti-2025-tutte-ma-proprio-tutte-le-occasioni-per-partire","og_locale":"it_IT","og_type":"article","og_title":"Ponti 2025: tutte, ma proprio tutte, le occasioni per partire","og_description":"Il prossimo anno si avvicina: sei pronto a conoscere tutti i ponti 2025 e le innumerevoli possibilit\u00e0 per partire? Scopri di pi\u00f9!","og_url":"https:\/\/www.weroad.it\/blog\/ponti-2025-tutte-ma-proprio-tutte-le-occasioni-per-partire","og_site_name":"Stories","article_publisher":"https:\/\/www.facebook.com\/WeRoad\/","article_published_time":"2024-09-01T07:27:15+00:00","og_image":[{"width":2072,"height":1379,"url":"https:\/\/www.weroad.it\/blog\/wp-content\/uploads\/2024\/08\/Ponti_2025_Dove_andare_WeRoad.jpg","type":"image\/jpeg"}],"author":"Roberto Marana","twitter_card":"summary_large_image","twitter_misc":{"Scritto da":"Roberto Marana","Tempo di lettura stimato":"11 minuti"},"schema":{"@context":"https:\/\/schema.org","@graph":[{"@type":"Article","@id":"https:\/\/www.weroad.it\/blog\/ponti-2025-tutte-ma-proprio-tutte-le-occasioni-per-partire#article","isPartOf":{"@id":"https:\/\/www.weroad.it\/blog\/ponti-2025-tutte-ma-proprio-tutte-le-occasioni-per-partire"},"author":{"name":"Roberto Marana","@id":"https:\/\/www.weroad.it\/blog\/#\/schema\/person\/1813fe6d3ec8a0f46bbebe03b31d030a"},"headline":"Ponti 2025: tutte, ma proprio tutte, le occasioni per partire","datePublished":"2024-09-01T07:27:15+00:00","mainEntityOfPage":{"@id":"https:\/\/www.weroad.it\/blog\/ponti-2025-tutte-ma-proprio-tutte-le-occasioni-per-partire"},"wordCount":1611,"image":{"@id":"https:\/\/www.weroad.it\/blog\/ponti-2025-tutte-ma-proprio-tutte-le-occasioni-per-partire#primaryimage"},"thumbnailUrl":"https:\/\/www.weroad.it\/blog\/wp-content\/uploads\/2024\/08\/Ponti_2025_Dove_andare_WeRoad.jpg","articleSection":["Idee di viaggio"],"inLanguage":"it-IT"},{"@type":"WebPage","@id":"https:\/\/www.weroad.it\/blog\/ponti-2025-tutte-ma-proprio-tutte-le-occasioni-per-partire","url":"https:\/\/www.weroad.it\/blog\/ponti-2025-tutte-ma-proprio-tutte-le-occasioni-per-partire","name":"Ponti 2025: tutte, ma proprio tutte, le occasioni per partire | WeRoad","isPartOf":{"@id":"https:\/\/www.weroad.it\/blog\/#website"},"primaryImageOfPage":{"@id":"https:\/\/www.weroad.it\/blog\/ponti-2025-tutte-ma-proprio-tutte-le-occasioni-per-partire#primaryimage"},"image":{"@id":"https:\/\/www.weroad.it\/blog\/ponti-2025-tutte-ma-proprio-tutte-le-occasioni-per-partire#primaryimage"},"thumbnailUrl":"https:\/\/www.weroad.it\/blog\/wp-content\/uploads\/2024\/08\/Ponti_2025_Dove_andare_WeRoad.jpg","datePublished":"2024-09-01T07:27:15+00:00","author":{"@id":"https:\/\/www.weroad.it\/blog\/#\/schema\/person\/1813fe6d3ec8a0f46bbebe03b31d030a"},"description":"Il prossimo anno si avvicina: sei pronto a conoscere tutti i ponti 2025 e le innumerevoli possibilit\u00e0 per partire? Scopri di pi\u00f9!","breadcrumb":{"@id":"https:\/\/www.weroad.it\/blog\/ponti-2025-tutte-ma-proprio-tutte-le-occasioni-per-partire#breadcrumb"},"inLanguage":"it-IT","potentialAction":[{"@type":"ReadAction","target":["https:\/\/www.weroad.it\/blog\/ponti-2025-tutte-ma-proprio-tutte-le-occasioni-per-partire"]}]},{"@type":"ImageObject","inLanguage":"it-IT","@id":"https:\/\/www.weroad.it\/blog\/ponti-2025-tutte-ma-proprio-tutte-le-occasioni-per-partire#primaryimage","url":"https:\/\/www.weroad.it\/blog\/wp-content\/uploads\/2024\/08\/Ponti_2025_Dove_andare_WeRoad.jpg","contentUrl":"https:\/\/www.weroad.it\/blog\/wp-content\/uploads\/2024\/08\/Ponti_2025_Dove_andare_WeRoad.jpg","width":2072,"height":1379,"caption":"Ponti_2025_Dove_andare_WeRoad"},{"@type":"BreadcrumbList","@id":"https:\/\/www.weroad.it\/blog\/ponti-2025-tutte-ma-proprio-tutte-le-occasioni-per-partire#breadcrumb","itemListElement":[{"@type":"ListItem","position":1,"name":"Home","item":"https:\/\/www.weroad.it\/blog\/"},{"@type":"ListItem","position":2,"name":"Ponti 2025: tutte, ma proprio tutte, le occasioni per partire"}]},{"@type":"WebSite","@id":"https:\/\/www.weroad.it\/blog\/#website","url":"https:\/\/www.weroad.it\/blog\/","name":"Stories","description":"A blog by WeRoad","potentialAction":[{"@type":"SearchAction","target":{"@type":"EntryPoint","urlTemplate":"https:\/\/www.weroad.it\/blog\/?s={search_term_string}"},"query-input":{"@type":"PropertyValueSpecification","valueRequired":true,"valueName":"search_term_string"}}],"inLanguage":"it-IT"},{"@type":"Person","@id":"https:\/\/www.weroad.it\/blog\/#\/schema\/person\/1813fe6d3ec8a0f46bbebe03b31d030a","name":"Roberto Marana"}]}},"_links":{"self":[{"href":"https:\/\/www.weroad.it\/blog\/wp-json\/wp\/v2\/posts\/10294","targetHints":{"allow":["GET"]}}],"collection":[{"href":"https:\/\/www.weroad.it\/blog\/wp-json\/wp\/v2\/posts"}],"about":[{"href":"https:\/\/www.weroad.it\/blog\/wp-json\/wp\/v2\/types\/post"}],"author":[{"embeddable":true,"href":"https:\/\/www.weroad.it\/blog\/wp-json\/wp\/v2\/users\/40"}],"replies":[{"embeddable":true,"href":"https:\/\/www.weroad.it\/blog\/wp-json\/wp\/v2\/comments?post=10294"}],"version-history":[{"count":6,"href":"https:\/\/www.weroad.it\/blog\/wp-json\/wp\/v2\/posts\/10294\/revisions"}],"predecessor-version":[{"id":11870,"href":"https:\/\/www.weroad.it\/blog\/wp-json\/wp\/v2\/posts\/10294\/revisions\/11870"}],"wp:featuredmedia":[{"embeddable":true,"href":"https:\/\/www.weroad.it\/blog\/wp-json\/wp\/v2\/media\/10300"}],"wp:attachment":[{"href":"https:\/\/www.weroad.it\/blog\/wp-json\/wp\/v2\/media?parent=10294"}],"wp:term":[{"taxonomy":"category","embeddable":true,"href":"https:\/\/www.weroad.it\/blog\/wp-json\/wp\/v2\/categories?post=10294"},{"taxonomy":"mete","embeddable":true,"href":"https:\/\/www.weroad.it\/blog\/wp-json\/wp\/v2\/mete?post=10294"}],"curies":[{"name":"wp","href":"https:\/\/api.w.org\/{rel}","templated":true}]}}